{"id":4692,"date":"2023-03-06T23:26:20","date_gmt":"2023-03-06T23:26:20","guid":{"rendered":"http:\/\/172.27.0.121\/?p=4692"},"modified":"2023-03-06T23:26:20","modified_gmt":"2023-03-06T23:26:20","slug":"fanb-rinde-tributo-al-comandante-chavez-con-una-oracion-ecumenica","status":"publish","type":"post","link":"https:\/\/prensapresidencialvenezuela.gob.ve\/index.php\/2023\/03\/06\/fanb-rinde-tributo-al-comandante-chavez-con-una-oracion-ecumenica\/","title":{"rendered":"FANB rinde tributo al Comandante Ch\u00e1vez con una oraci\u00f3n ecum\u00e9nica"},"content":{"rendered":"\n<p><strong>Fuerte Tiuna, Caracas.- <\/strong>El presidente de la Rep\u00fablica y comandante en jefe de la Fuerza Armada Nacional Bolivariana (FANB), Nicol\u00e1s Maduro, asiste a la oraci\u00f3n ecum\u00e9nica con motivo a los 10 a\u00f1os de la siembra del Comandante Hugo Rafael Ch\u00e1vez Fr\u00edas.<\/p>\n\n\n\n<p>En el acto realizado en el Patio de Honor de la Universidad Militar Bolivariana de Venezuela, ubicada en Fuerte Tiuna, se encuentra el Alto Mando Militar, as\u00ed como integrantes del Gabinete Ejecutivo en aras de rendir homenaje al pensamiento del l\u00edder de la Revoluci\u00f3n Bolivariana.<\/p>\n\n\n\n<p>Asimismo, participan representantes del Poder P\u00fablico, diputados y diputadas de la Asamblea Nacional y el cuerpo diplom\u00e1tico acreditado en el pa\u00eds.<\/p>\n\n\n\n<p>La oraci\u00f3n ecum\u00e9nica est\u00e1 a cargo del Obispo Militar Monse\u00f1or Benito, epicentro de la actividad que tambi\u00e9n comprende el disparo de 10 salvas de ca\u00f1\u00f3n y palabras de reflexi\u00f3n del pastor de la FANB, Elyoner Delgado.<\/p>\n\n\n\n<p>Previamente, cadetes de los cinco componentes de la instituci\u00f3n castrense desfilaron en el Patio de Honor en una muestra del despliegue de la juventud militar de Venezuela.<\/p>\n\n\n\n<p><strong>Prensa Presidencial \/ Eduardo Hueck<\/strong><\/p>\n","protected":false},"excerpt":{"rendered":"<p>Fuerte Tiuna, Caracas.- El presidente de la Rep\u00fablica y comandante en jefe de la Fuerza Armada Nacional Bolivariana (FANB), Nicol\u00e1s Maduro, asiste a la oraci\u00f3n ecum\u00e9nica con motivo a los 10 a\u00f1os de la siembra del Comandante Hugo Rafael Ch\u00e1vez Fr\u00edas. En el acto realizado en el Patio de Honor de la Universidad Militar Bolivariana [&hellip;]<\/p>\n","protected":false},"author":6,"featured_media":4693,"comment_status":"open","ping_status":"open","sticky":false,"template":"","format":"standard","meta":{"footnotes":""},"categories":[18,7],"tags":[30,19,27,20],"class_list":["post-4692","post","type-post","status-publish","format-standard","has-post-thumbnail","hentry","category-noticias-principales","category-notas-de-prensa","tag-destacado","tag-nicolas-maduro","tag-revolucion-bolivariana","tag-venezuela"],"_links":{"self":[{"href":"https:\/\/prensapresidencialvenezuela.gob.ve\/index.php\/wp-json\/wp\/v2\/posts\/4692","targetHints":{"allow":["GET"]}}],"collection":[{"href":"https:\/\/prensapresidencialvenezuela.gob.ve\/index.php\/wp-json\/wp\/v2\/posts"}],"about":[{"href":"https:\/\/prensapresidencialvenezuela.gob.ve\/index.php\/wp-json\/wp\/v2\/types\/post"}],"author":[{"embeddable":true,"href":"https:\/\/prensapresidencialvenezuela.gob.ve\/index.php\/wp-json\/wp\/v2\/users\/6"}],"replies":[{"embeddable":true,"href":"https:\/\/prensapresidencialvenezuela.gob.ve\/index.php\/wp-json\/wp\/v2\/comments?post=4692"}],"version-history":[{"count":1,"href":"https:\/\/prensapresidencialvenezuela.gob.ve\/index.php\/wp-json\/wp\/v2\/posts\/4692\/revisions"}],"predecessor-version":[{"id":4694,"href":"https:\/\/prensapresidencialvenezuela.gob.ve\/index.php\/wp-json\/wp\/v2\/posts\/4692\/revisions\/4694"}],"wp:featuredmedia":[{"embeddable":true,"href":"https:\/\/prensapresidencialvenezuela.gob.ve\/index.php\/wp-json\/wp\/v2\/media\/4693"}],"wp:attachment":[{"href":"https:\/\/prensapresidencialvenezuela.gob.ve\/index.php\/wp-json\/wp\/v2\/media?parent=4692"}],"wp:term":[{"taxonomy":"category","embeddable":true,"href":"https:\/\/prensapresidencialvenezuela.gob.ve\/index.php\/wp-json\/wp\/v2\/categories?post=4692"},{"taxonomy":"post_tag","embeddable":true,"href":"https:\/\/prensapresidencialvenezuela.gob.ve\/index.php\/wp-json\/wp\/v2\/tags?post=4692"}],"curies":[{"name":"wp","href":"https:\/\/api.w.org\/{rel}","templated":true}]}}