{"id":4708,"date":"2023-03-08T21:00:07","date_gmt":"2023-03-08T21:00:07","guid":{"rendered":"http:\/\/172.27.0.121\/?p=4708"},"modified":"2023-03-08T21:00:07","modified_gmt":"2023-03-08T21:00:07","slug":"presidente-maduro-acompana-conmemoracion-del-dia-internacional-de-la-mujer","status":"publish","type":"post","link":"https:\/\/prensapresidencialvenezuela.gob.ve\/index.php\/2023\/03\/08\/presidente-maduro-acompana-conmemoracion-del-dia-internacional-de-la-mujer\/","title":{"rendered":"Presidente Maduro acompa\u00f1a conmemoraci\u00f3n del D\u00eda Internacional de la Mujer"},"content":{"rendered":"\n<p><strong>Poliedro de Caracas. \u2013 <\/strong>El presidente de la Rep\u00fablica Bolivariana de Venezuela, Nicol\u00e1s Maduro, acompa\u00f1a este mi\u00e9rcoles acto en Conmemoraci\u00f3n al D\u00eda Internacional de la Mujer. Las f\u00e9minas, hoy en Venezuela, m\u00e1s que nunca comprometidas, como patriotas y revolucionarias, con defender, preservar y profundizar el legado del Comandante Eterno, Hugo Ch\u00e1vez.<\/p>\n\n\n\n<p>Con la llegada de la Revoluci\u00f3n Bolivariana, liderada por el comandante Hugo Ch\u00e1vez, se le otorg\u00f3 a la mujer venezolana un rol protag\u00f3nico en la organizaci\u00f3n social, desde las bases del Poder Popular con la intencionalidad basada en la igualdad de g\u00e9nero.<\/p>\n\n\n\n<p>Esta reivindicaci\u00f3n permiti\u00f3 la participaci\u00f3n e incorporaci\u00f3n de las f\u00e9minas en los cargos p\u00fablicos, y en la toma de decisiones en el \u00e1rea econ\u00f3mica y pol\u00edtica del pa\u00eds, enfoquede gesti\u00f3n que ha sido ratificado por el presidente Nicol\u00e1s Maduro Moros.<\/p>\n\n\n\n<p>A prop\u00f3sito de este d\u00eda, el presidente Maduro se pronunci\u00f3 a trav\u00e9s de sus redes sociales, evocando que \u201cen la conmemoraci\u00f3n del D\u00eda de la Mujer, se cre\u00f3 Unamujer como reconocimiento de su protagonismo en la Revoluci\u00f3n Bolivariana. Ya son 8 a\u00f1os de lucha popular, unificando las fuerzas del movimiento feminista en defensa de la Patria. \u00a1Muchas Felicidades!\u201d.<\/p>\n\n\n\n<p>Expres\u00f3 el jefe de Estado &nbsp;venezolanoque con \u201cla reivindicaci\u00f3n del papel heroico de Apacuana, Matea e Hip\u00f3lita Bol\u00edvar, en nuestra historia Patria, la Revoluci\u00f3n reconoci\u00f3 a las miles de guerreras an\u00f3nimas que enfrentaron los dif\u00edciles tiempos de la invasi\u00f3n colonial y la lucha independentista \u00a1Viva la Mujer venezolana!\u201d.<\/p>\n\n\n\n<p>Este 8 de marzo, se celebra el D\u00eda Internacional de la Mujer, fecha institucionalizada en 1975 por la Organizaci\u00f3n de las Naciones Unidas (ONU), rememorando la huelga que llevaron a cabo un grupo de mujeres rusas en demanda de pan y paz en 1917, en plena Primera Guerra Mundial, dando paso posteriormente al reconocimiento del derecho al voto femenino por ese gobierno de transici\u00f3n.<\/p>\n\n\n\n<p>Previamente, en Am\u00e9rica acontecieron otros hechos, como la muerte de 146 mujeres trabajadoras en el incendio en la f\u00e1brica&nbsp;<em>TriangleShirtwaist<\/em>&nbsp;(Nueva York), el 25 de marzo de 1911, que caus\u00f3 la muerte de 146 trabajadoras, la mayor\u00eda de ellas j\u00f3venes inmigrantes que se hab\u00edan sumado a las protestas por mejores condiciones laborales.<\/p>\n\n\n\n<p>En esa l\u00ednea, este d\u00eda m\u00e1s que una celebraci\u00f3n se trata de un tributo que se rinde a las mujeres que lucharon por el sufragio femenino, as\u00ed como otras libertades y derechos, lucha que en pleno siglo XXI contin\u00faa con gran efervescencia en medio de victorias, retos y cambios en el paradigma cultural de todo el mundo.<\/p>\n\n\n\n<p>En Venezuela, las mujeres patriotas decidieron conmemorar este d\u00eda despleg\u00e1ndose bajo las Tribunas \u201cCh\u00e1vez Feminista\u201d, &nbsp;lema que uso el Comandante Hugo Ch\u00e1vez para defender a todas las venezolanas y la igualdad de g\u00e9nero.<\/p>\n\n\n\n<p><strong>Prensa Presidencial \/ Ana\u00eds P\u00e9rez<\/strong><\/p>\n","protected":false},"excerpt":{"rendered":"<p>Poliedro de Caracas. \u2013 El presidente de la Rep\u00fablica Bolivariana de Venezuela, Nicol\u00e1s Maduro, acompa\u00f1a este mi\u00e9rcoles acto en Conmemoraci\u00f3n al D\u00eda Internacional de la Mujer. Las f\u00e9minas, hoy en Venezuela, m\u00e1s que nunca comprometidas, como patriotas y revolucionarias, con defender, preservar y profundizar el legado del Comandante Eterno, Hugo Ch\u00e1vez. Con la llegada de [&hellip;]<\/p>\n","protected":false},"author":6,"featured_media":4709,"comment_status":"open","ping_status":"open","sticky":false,"template":"","format":"standard","meta":{"footnotes":""},"categories":[18,7],"tags":[30,19,27,20],"class_list":["post-4708","post","type-post","status-publish","format-standard","has-post-thumbnail","hentry","category-noticias-principales","category-notas-de-prensa","tag-destacado","tag-nicolas-maduro","tag-revolucion-bolivariana","tag-venezuela"],"_links":{"self":[{"href":"https:\/\/prensapresidencialvenezuela.gob.ve\/index.php\/wp-json\/wp\/v2\/posts\/4708","targetHints":{"allow":["GET"]}}],"collection":[{"href":"https:\/\/prensapresidencialvenezuela.gob.ve\/index.php\/wp-json\/wp\/v2\/posts"}],"about":[{"href":"https:\/\/prensapresidencialvenezuela.gob.ve\/index.php\/wp-json\/wp\/v2\/types\/post"}],"author":[{"embeddable":true,"href":"https:\/\/prensapresidencialvenezuela.gob.ve\/index.php\/wp-json\/wp\/v2\/users\/6"}],"replies":[{"embeddable":true,"href":"https:\/\/prensapresidencialvenezuela.gob.ve\/index.php\/wp-json\/wp\/v2\/comments?post=4708"}],"version-history":[{"count":1,"href":"https:\/\/prensapresidencialvenezuela.gob.ve\/index.php\/wp-json\/wp\/v2\/posts\/4708\/revisions"}],"predecessor-version":[{"id":4710,"href":"https:\/\/prensapresidencialvenezuela.gob.ve\/index.php\/wp-json\/wp\/v2\/posts\/4708\/revisions\/4710"}],"wp:featuredmedia":[{"embeddable":true,"href":"https:\/\/prensapresidencialvenezuela.gob.ve\/index.php\/wp-json\/wp\/v2\/media\/4709"}],"wp:attachment":[{"href":"https:\/\/prensapresidencialvenezuela.gob.ve\/index.php\/wp-json\/wp\/v2\/media?parent=4708"}],"wp:term":[{"taxonomy":"category","embeddable":true,"href":"https:\/\/prensapresidencialvenezuela.gob.ve\/index.php\/wp-json\/wp\/v2\/categories?post=4708"},{"taxonomy":"post_tag","embeddable":true,"href":"https:\/\/prensapresidencialvenezuela.gob.ve\/index.php\/wp-json\/wp\/v2\/tags?post=4708"}],"curies":[{"name":"wp","href":"https:\/\/api.w.org\/{rel}","templated":true}]}}