{"id":4714,"date":"2023-03-08T23:24:18","date_gmt":"2023-03-08T23:24:18","guid":{"rendered":"http:\/\/172.27.0.121\/?p=4714"},"modified":"2023-03-08T23:24:18","modified_gmt":"2023-03-08T23:24:18","slug":"presidente-maduro-recibe-a-celso-amorim-en-miraflores","status":"publish","type":"post","link":"https:\/\/prensapresidencialvenezuela.gob.ve\/index.php\/2023\/03\/08\/presidente-maduro-recibe-a-celso-amorim-en-miraflores\/","title":{"rendered":"Presidente Maduro recibe a Celso Amorim en Miraflores"},"content":{"rendered":"\n<p><strong>Palacio de Miraflores, Caracas.-<\/strong> El presidente de la Rep\u00fablica Bolivariana de Venezuela, Nicol\u00e1s Maduro Moros, recibe este mi\u00e9rcoles en el Despacho 1 del Palacio de Miraflores, a Celso Amorim, jefe de la Asesor\u00eda Especial de la Presidencia de la Rep\u00fablica Federativa de Brasil.<\/p>\n\n\n\n<p>Celso Amorim, es un diplom\u00e1tico de carrera de la naci\u00f3n suramericana que ha servido como Ministro de Asuntos Exteriores en dos oportunidades. Por primera vez, entre los a\u00f1os 1993 y 1994, y por segunda vez durante la Presidencia de Lula da Silva entre el 2003&nbsp; y el 2010.<\/p>\n\n\n\n<p>Durante la campa\u00f1a presidencial fue el principal asesor en asuntos internacionales del l\u00edder del Partido de los Trabajadores.<\/p>\n\n\n\n<p>Tambi\u00e9n fue Embajador de Brasil ante el Reino Unido desde el 2001 al 2002 y Representante Permanente de Brasil ante la Organizaci\u00f3n de Naciones Unidas (ONU) desde 1995 hasta 1999.<\/p>\n\n\n\n<p>Con la llegada de Lula a la presidencia de Brasil, en enero Venezuela retom\u00f3 las relaciones diplom\u00e1ticas y de cooperaci\u00f3n bilateral, en aras de impulsar y establecer acuerdos en favor de ambas naciones.<\/p>\n\n\n\n<p>En este sentido, el Jefe de Estado venezolano ha destacado que un nuevo orden multipolar se est\u00e1 imponiendo en Am\u00e9rica Latina y El Caribe.<\/p>\n\n\n\n<p>&nbsp;\u201cUna nueva ola liberadora recorre la Patria Grande, abriendo caminos de avance geopol\u00edtico para los proyectos de uni\u00f3n suramericana. \u00a1Nuestro abrazo a Lula y al pueblo brasile\u00f1o!\u201d, expres\u00f3 a trav\u00e9s de un mensaje difundido en su cuenta oficial en la red social Twitter @NicolasMaduro, , al celebrar la asunci\u00f3n al poder de su hom\u00f3logo brasile\u00f1o.<\/p>\n\n\n\n<p><strong>Prensa Presidencial\/Karla Cotoret<\/strong><\/p>\n","protected":false},"excerpt":{"rendered":"<p>Palacio de Miraflores, Caracas.- El presidente de la Rep\u00fablica Bolivariana de Venezuela, Nicol\u00e1s Maduro Moros, recibe este mi\u00e9rcoles en el Despacho 1 del Palacio de Miraflores, a Celso Amorim, jefe de la Asesor\u00eda Especial de la Presidencia de la Rep\u00fablica Federativa de Brasil. Celso Amorim, es un diplom\u00e1tico de carrera de la naci\u00f3n suramericana que [&hellip;]<\/p>\n","protected":false},"author":6,"featured_media":4715,"comment_status":"open","ping_status":"open","sticky":false,"template":"","format":"standard","meta":{"footnotes":""},"categories":[18,7],"tags":[30,19,27,20],"class_list":["post-4714","post","type-post","status-publish","format-standard","has-post-thumbnail","hentry","category-noticias-principales","category-notas-de-prensa","tag-destacado","tag-nicolas-maduro","tag-revolucion-bolivariana","tag-venezuela"],"_links":{"self":[{"href":"https:\/\/prensapresidencialvenezuela.gob.ve\/index.php\/wp-json\/wp\/v2\/posts\/4714","targetHints":{"allow":["GET"]}}],"collection":[{"href":"https:\/\/prensapresidencialvenezuela.gob.ve\/index.php\/wp-json\/wp\/v2\/posts"}],"about":[{"href":"https:\/\/prensapresidencialvenezuela.gob.ve\/index.php\/wp-json\/wp\/v2\/types\/post"}],"author":[{"embeddable":true,"href":"https:\/\/prensapresidencialvenezuela.gob.ve\/index.php\/wp-json\/wp\/v2\/users\/6"}],"replies":[{"embeddable":true,"href":"https:\/\/prensapresidencialvenezuela.gob.ve\/index.php\/wp-json\/wp\/v2\/comments?post=4714"}],"version-history":[{"count":1,"href":"https:\/\/prensapresidencialvenezuela.gob.ve\/index.php\/wp-json\/wp\/v2\/posts\/4714\/revisions"}],"predecessor-version":[{"id":4716,"href":"https:\/\/prensapresidencialvenezuela.gob.ve\/index.php\/wp-json\/wp\/v2\/posts\/4714\/revisions\/4716"}],"wp:featuredmedia":[{"embeddable":true,"href":"https:\/\/prensapresidencialvenezuela.gob.ve\/index.php\/wp-json\/wp\/v2\/media\/4715"}],"wp:attachment":[{"href":"https:\/\/prensapresidencialvenezuela.gob.ve\/index.php\/wp-json\/wp\/v2\/media?parent=4714"}],"wp:term":[{"taxonomy":"category","embeddable":true,"href":"https:\/\/prensapresidencialvenezuela.gob.ve\/index.php\/wp-json\/wp\/v2\/categories?post=4714"},{"taxonomy":"post_tag","embeddable":true,"href":"https:\/\/prensapresidencialvenezuela.gob.ve\/index.php\/wp-json\/wp\/v2\/tags?post=4714"}],"curies":[{"name":"wp","href":"https:\/\/api.w.org\/{rel}","templated":true}]}}