{"id":4719,"date":"2023-03-09T20:56:35","date_gmt":"2023-03-09T20:56:35","guid":{"rendered":"http:\/\/172.27.0.121\/?p=4719"},"modified":"2023-03-09T20:56:35","modified_gmt":"2023-03-09T20:56:35","slug":"graduados-mas-de-1-700-medicos-en-medicina-integral-comunitaria","status":"publish","type":"post","link":"https:\/\/prensapresidencialvenezuela.gob.ve\/index.php\/2023\/03\/09\/graduados-mas-de-1-700-medicos-en-medicina-integral-comunitaria\/","title":{"rendered":"Graduados m\u00e1s de 1.700 m\u00e9dicos en Medicina Integral Comunitaria"},"content":{"rendered":"\n<p><strong>Teatro Teresa Carre\u00f1o, Caracas.-<\/strong> Con el objetivo de seguir fortaleciendo el Sistema P\u00fablico Nacional de Salud, el jefe de Estado y Gobierno venezolano, Nicol\u00e1s Maduro Moros, encabez\u00f3 acto de graduaci\u00f3n de m\u00e1s de mil 700 M\u00e9dicos Integrales Comunitarios.<\/p>\n\n\n\n<p>Los graduandos est\u00e1n distribuidos en las \u00e1reas de Medicina General Integral y Odontolog\u00eda, pertenecientes a la XII Cohorte del Programa Nacional de Formaci\u00f3n en Medicina Integral Comunitaria (PNF-MIC).<\/p>\n\n\n\n<p>Asimismo, en la actividad celebrada este jueves, se graduaron hombres y mujeres de la salud provenientes de Brasil, Palestina, Zambia, Hait\u00ed, Colombia, Ghana, Ben\u00edn, Burkina Faso, Chad, Chile, Congo, Guinea Bissau, Guinea Ecuatorial, Kenia, Mozambique, Nigeria y Sierra Leona.<\/p>\n\n\n\n<p>Estos nuevos profesionales de la salud fueron formados con un perfil humanista y con vocaci\u00f3n de servicio quienes gracias a la llegada de la Revoluci\u00f3n Bolivariana la educaci\u00f3n que ha recibido es gratuita y de calidad.<\/p>\n\n\n\n<p>Acompa\u00f1aron al Mandatario nacional la primera Combatiente, Cilia Flores; Vicepresidenta Sectorial de Ciencia, Tecnolog\u00eda, Educaci\u00f3n y Salud, Gabriela Jim\u00e9nez; la ministra del Poder Popular para la Salud, Magaly Guti\u00e9rrez y el rector de la Universidad de las Ciencias de la Salud \u201cHugo Ch\u00e1vez Fr\u00edas\u201d, Carlos Alvarado.<\/p>\n\n\n\n<p><strong>Prensa Presidencial\/Eduardo Hueck<\/strong><\/p>\n","protected":false},"excerpt":{"rendered":"<p>Teatro Teresa Carre\u00f1o, Caracas.- Con el objetivo de seguir fortaleciendo el Sistema P\u00fablico Nacional de Salud, el jefe de Estado y Gobierno venezolano, Nicol\u00e1s Maduro Moros, encabez\u00f3 acto de graduaci\u00f3n de m\u00e1s de mil 700 M\u00e9dicos Integrales Comunitarios. Los graduandos est\u00e1n distribuidos en las \u00e1reas de Medicina General Integral y Odontolog\u00eda, pertenecientes a la XII [&hellip;]<\/p>\n","protected":false},"author":6,"featured_media":4720,"comment_status":"open","ping_status":"open","sticky":false,"template":"","format":"standard","meta":{"footnotes":""},"categories":[18,7],"tags":[30,19,27,20],"class_list":["post-4719","post","type-post","status-publish","format-standard","has-post-thumbnail","hentry","category-noticias-principales","category-notas-de-prensa","tag-destacado","tag-nicolas-maduro","tag-revolucion-bolivariana","tag-venezuela"],"_links":{"self":[{"href":"https:\/\/prensapresidencialvenezuela.gob.ve\/index.php\/wp-json\/wp\/v2\/posts\/4719","targetHints":{"allow":["GET"]}}],"collection":[{"href":"https:\/\/prensapresidencialvenezuela.gob.ve\/index.php\/wp-json\/wp\/v2\/posts"}],"about":[{"href":"https:\/\/prensapresidencialvenezuela.gob.ve\/index.php\/wp-json\/wp\/v2\/types\/post"}],"author":[{"embeddable":true,"href":"https:\/\/prensapresidencialvenezuela.gob.ve\/index.php\/wp-json\/wp\/v2\/users\/6"}],"replies":[{"embeddable":true,"href":"https:\/\/prensapresidencialvenezuela.gob.ve\/index.php\/wp-json\/wp\/v2\/comments?post=4719"}],"version-history":[{"count":1,"href":"https:\/\/prensapresidencialvenezuela.gob.ve\/index.php\/wp-json\/wp\/v2\/posts\/4719\/revisions"}],"predecessor-version":[{"id":4721,"href":"https:\/\/prensapresidencialvenezuela.gob.ve\/index.php\/wp-json\/wp\/v2\/posts\/4719\/revisions\/4721"}],"wp:featuredmedia":[{"embeddable":true,"href":"https:\/\/prensapresidencialvenezuela.gob.ve\/index.php\/wp-json\/wp\/v2\/media\/4720"}],"wp:attachment":[{"href":"https:\/\/prensapresidencialvenezuela.gob.ve\/index.php\/wp-json\/wp\/v2\/media?parent=4719"}],"wp:term":[{"taxonomy":"category","embeddable":true,"href":"https:\/\/prensapresidencialvenezuela.gob.ve\/index.php\/wp-json\/wp\/v2\/categories?post=4719"},{"taxonomy":"post_tag","embeddable":true,"href":"https:\/\/prensapresidencialvenezuela.gob.ve\/index.php\/wp-json\/wp\/v2\/tags?post=4719"}],"curies":[{"name":"wp","href":"https:\/\/api.w.org\/{rel}","templated":true}]}}