{"id":4736,"date":"2023-03-11T17:19:25","date_gmt":"2023-03-11T17:19:25","guid":{"rendered":"http:\/\/172.27.0.121\/?p=4736"},"modified":"2023-03-11T17:19:25","modified_gmt":"2023-03-11T17:19:25","slug":"venezuela-da-pasos-firmes-en-busqueda-de-la-integracion-latinoamericana-y-caribena","status":"publish","type":"post","link":"https:\/\/prensapresidencialvenezuela.gob.ve\/index.php\/2023\/03\/11\/venezuela-da-pasos-firmes-en-busqueda-de-la-integracion-latinoamericana-y-caribena\/","title":{"rendered":"Venezuela da pasos firmes en b\u00fasqueda de la integraci\u00f3n latinoamericana y caribe\u00f1a"},"content":{"rendered":"\n<p><strong>Palacio de Miraflores, Caracas.- <\/strong>Al declararse optimista sobre el futuro de Am\u00e9rica Latina y el Caribe, el presidente de la Rep\u00fablica, Nicol\u00e1s Maduro, enfatiz\u00f3 que Venezuela da pasos firmes en el reimpulso de mecanismos de integraci\u00f3n que tributen al desarrollo integral de los pueblos.<\/p>\n\n\n\n<p>En entrevista concedida al programa <em>La Pizarra<\/em>, transmitido por la emisora argentina Radio 10, detall\u00f3 que, desde el Gobierno Nacional, se ha avanzado en la reactivaci\u00f3n de alianzas estrat\u00e9gicas con Colombia, Brasil y Honduras, luego del ascenso al poder de Gustavo Petro, Luiz In\u00e1cio da Silva y Xiomara Castro de Zelaya como resultado del levantamiento de una \u201csegunda ola progresista.<\/p>\n\n\n\n<p>Detall\u00f3 que la \u201cnueva ola m\u00e1s diversificada y diferente\u201d se abre paso en medio del agotamiento del modelo neoliberal como \u201cf\u00f3rmula de imposici\u00f3n de las oligarqu\u00edas\u201d. En este sentido, afirm\u00f3 que el imperialismo \u201cno tiene nada que ofrecerle a los pueblos\u201d, salvo miseria, desigualdad, represi\u00f3n, persecuci\u00f3n y ausencia de la democracia.<\/p>\n\n\n\n<p>Indic\u00f3 que, bajo el escenario de \u201cdeclinaci\u00f3n hist\u00f3rica\u201d del imperialismo, la reunificaci\u00f3n de las fuerzas progresistas en la regi\u00f3n permitir\u00e1 reavivar instancias de concertaci\u00f3n como la Uni\u00f3n de Naciones Suramericanas (Unasur), as\u00ed como sentar las bases de la evoluci\u00f3n de la Comunidad de Estados Latinoamericanos y Caribe\u00f1os (CELAC).<\/p>\n\n\n\n<p>\u201cYo soy muy optimista sobre el futuro de Am\u00e9rica Latina y el Caribe, son pasos inevitables, necesarios de una Am\u00e9rica Latina m\u00e1s libre, independiente, justa e igualitaria\u201d, asever\u00f3 en di\u00e1logo con el analista pol\u00edtico Alfredo Serrano Mancilla.<\/p>\n\n\n\n<p><strong>Prensa Presidencial \/ Karelis Gonz\u00e1lez<\/strong><\/p>\n","protected":false},"excerpt":{"rendered":"<p>Palacio de Miraflores, Caracas.- Al declararse optimista sobre el futuro de Am\u00e9rica Latina y el Caribe, el presidente de la Rep\u00fablica, Nicol\u00e1s Maduro, enfatiz\u00f3 que Venezuela da pasos firmes en el reimpulso de mecanismos de integraci\u00f3n que tributen al desarrollo integral de los pueblos. En entrevista concedida al programa La Pizarra, transmitido por la emisora [&hellip;]<\/p>\n","protected":false},"author":6,"featured_media":4737,"comment_status":"open","ping_status":"open","sticky":false,"template":"","format":"standard","meta":{"footnotes":""},"categories":[18,7],"tags":[30,19,27,20],"class_list":["post-4736","post","type-post","status-publish","format-standard","has-post-thumbnail","hentry","category-noticias-principales","category-notas-de-prensa","tag-destacado","tag-nicolas-maduro","tag-revolucion-bolivariana","tag-venezuela"],"_links":{"self":[{"href":"https:\/\/prensapresidencialvenezuela.gob.ve\/index.php\/wp-json\/wp\/v2\/posts\/4736","targetHints":{"allow":["GET"]}}],"collection":[{"href":"https:\/\/prensapresidencialvenezuela.gob.ve\/index.php\/wp-json\/wp\/v2\/posts"}],"about":[{"href":"https:\/\/prensapresidencialvenezuela.gob.ve\/index.php\/wp-json\/wp\/v2\/types\/post"}],"author":[{"embeddable":true,"href":"https:\/\/prensapresidencialvenezuela.gob.ve\/index.php\/wp-json\/wp\/v2\/users\/6"}],"replies":[{"embeddable":true,"href":"https:\/\/prensapresidencialvenezuela.gob.ve\/index.php\/wp-json\/wp\/v2\/comments?post=4736"}],"version-history":[{"count":1,"href":"https:\/\/prensapresidencialvenezuela.gob.ve\/index.php\/wp-json\/wp\/v2\/posts\/4736\/revisions"}],"predecessor-version":[{"id":4738,"href":"https:\/\/prensapresidencialvenezuela.gob.ve\/index.php\/wp-json\/wp\/v2\/posts\/4736\/revisions\/4738"}],"wp:featuredmedia":[{"embeddable":true,"href":"https:\/\/prensapresidencialvenezuela.gob.ve\/index.php\/wp-json\/wp\/v2\/media\/4737"}],"wp:attachment":[{"href":"https:\/\/prensapresidencialvenezuela.gob.ve\/index.php\/wp-json\/wp\/v2\/media?parent=4736"}],"wp:term":[{"taxonomy":"category","embeddable":true,"href":"https:\/\/prensapresidencialvenezuela.gob.ve\/index.php\/wp-json\/wp\/v2\/categories?post=4736"},{"taxonomy":"post_tag","embeddable":true,"href":"https:\/\/prensapresidencialvenezuela.gob.ve\/index.php\/wp-json\/wp\/v2\/tags?post=4736"}],"curies":[{"name":"wp","href":"https:\/\/api.w.org\/{rel}","templated":true}]}}