{"id":4743,"date":"2023-03-13T23:27:55","date_gmt":"2023-03-13T23:27:55","guid":{"rendered":"http:\/\/172.27.0.121\/?p=4743"},"modified":"2023-03-13T23:27:55","modified_gmt":"2023-03-13T23:27:55","slug":"presidente-condecora-a-embajador-de-vietnam-tras-labor-diplomatica-cumplida-en-suelo-venezolano","status":"publish","type":"post","link":"https:\/\/prensapresidencialvenezuela.gob.ve\/index.php\/2023\/03\/13\/presidente-condecora-a-embajador-de-vietnam-tras-labor-diplomatica-cumplida-en-suelo-venezolano\/","title":{"rendered":"Presidente condecora a embajador de Vietnam tras labor diplom\u00e1tica cumplida en suelo venezolano"},"content":{"rendered":"\n<p><strong>Palacio de Miraflores, Caracas. \u2013<\/strong>El sal\u00f3n Sim\u00f3n Bol\u00edvar del Palacio de Miraflores es el escenario este lunes para el acto de despedida y condecoraci\u00f3n a Le Viet Duyen, embajador de la Rep\u00fablica Socialista de Vietnam en la Rep\u00fablica Bolivariana de Venezuela, quien cumpli\u00f3 con estas funciones en la naci\u00f3n suramericana desde el mes de marzo del a\u00f1o 2020.<\/p>\n\n\n\n<p>El acto est\u00e1 dirigido por el jefe de Estado venezolano, Nicol\u00e1s Maduro, quien coloc\u00f3 la condecoraci\u00f3n Orden Francisco de Miranda en su Primera Clase \u201cGeneral\u00edsimo\u201d, en tributo al desempe\u00f1o de Le VietDuyen, a favor del fortalecimiento de las relaciones diplom\u00e1ticas entre las dos naciones.<\/p>\n\n\n\n<p>En el ejercicio como embajador en suelo venezolano, las relaciones con la naci\u00f3n asi\u00e1tica estuvieron caracterizadas por la ampliaci\u00f3n y consolidando de los v\u00ednculos, y la profundizaci\u00f3n de la integraci\u00f3n.<\/p>\n\n\n\n<p>Recientemente, el Embajador de la naci\u00f3n asi\u00e1tica destac\u00f3 que en los primeros 10 meses de 2022, el comercio binacional entre Venezuela y Vietnam aument\u00f3 en 700% en comparaci\u00f3n al a\u00f1o anterior (2021).<\/p>\n\n\n\n<p>Nacido el 24 de agosto de 1973, en la comuna de Song Mai, ciudad Bac Giang, provincia de Ha Bac (ahora ciudad Bac Giang, provincia de Bac Giang), es doctor en Relaciones Internacionales, y en 2016 hasta el presente se ha desempe\u00f1ado como Subdirector General y Vicepresidente del Sindicato y de Asuntos del Partido Comunista.<\/p>\n\n\n\n<p>Entre 2012 \u2013 2016 fue C\u00f3nsul General, Consulado General de la Rep\u00fablica Socialista de Vietnam en Perth, Australia; entre 2011 \u2013 2012 fue subdirector del Departamento de la Asociaci\u00f3n de Naciones del Sudeste Asi\u00e1tico (ASEAN), Ministerio de Asuntos Exteriores; 2006 \u2013 2008 ejerci\u00f3 como funcionario, Jefe de Divisi\u00f3n y Asistente del Director General del Departamento de Personal y Organizaci\u00f3n del Ministerio de Asuntos Exteriores, entre otros cargos que ha encabezado en su trayectoria diplom\u00e1tica.<\/p>\n\n\n\n<p>Acompa\u00f1an este acto de condecoraci\u00f3n, en el Palacio de Miraflores, la se\u00f1ora HuynhThi Mai Dung, esposa del embajador; Agregado de Defensa, Vu The Trung; Ngo Van Chi, Primer Secretario de la Embajada; y Ha TuanHung, C\u00f3nsul de la Embajada.<\/p>\n\n\n\n<p>Tambi\u00e9n asisten representantes del cuerpo diplom\u00e1tico acreditado en el pa\u00eds, entre estos, el embajador de Indonesia; Encargado de Negocios de Malasia; C\u00f3nsul Honorable Tailand\u00e9s; Embajador de Colombia; Encargado de Negocio de Barbados; Embajador de la Republica de Trinidad y Tobago; &nbsp;Embajador de San Vicente y las Granadinas; Embajador de Gre<a><\/a>nada; Embajador de Cuba; Embajador de Palestina; Embajador de Nicaragua y Embajador de India.<\/p>\n\n\n\n<p>Caracas y Han\u00f3i establecieron relaciones diplom\u00e1ticas el 8 de diciembre de 1989, las cuales, en los \u00faltimos a\u00f1os, se han profundizado a\u00fan m\u00e1s, en el contexto de una fuerte convergencia en el principio del respeto a la autodeterminaci\u00f3n y la afinidad pol\u00edtica de los sistemas de Gobierno popular.<strong>Prensa Presidencial \/ Ana\u00eds P\u00e9rez<\/strong><\/p>\n","protected":false},"excerpt":{"rendered":"<p>Palacio de Miraflores, Caracas. \u2013El sal\u00f3n Sim\u00f3n Bol\u00edvar del Palacio de Miraflores es el escenario este lunes para el acto de despedida y condecoraci\u00f3n a Le Viet Duyen, embajador de la Rep\u00fablica Socialista de Vietnam en la Rep\u00fablica Bolivariana de Venezuela, quien cumpli\u00f3 con estas funciones en la naci\u00f3n suramericana desde el mes de marzo [&hellip;]<\/p>\n","protected":false},"author":6,"featured_media":4752,"comment_status":"open","ping_status":"open","sticky":false,"template":"","format":"standard","meta":{"footnotes":""},"categories":[18,7],"tags":[30,38,19,27,20,108],"class_list":["post-4743","post","type-post","status-publish","format-standard","has-post-thumbnail","hentry","category-noticias-principales","category-notas-de-prensa","tag-destacado","tag-diplomacia-bolivariana-de-paz","tag-nicolas-maduro","tag-revolucion-bolivariana","tag-venezuela","tag-vietnam"],"_links":{"self":[{"href":"https:\/\/prensapresidencialvenezuela.gob.ve\/index.php\/wp-json\/wp\/v2\/posts\/4743","targetHints":{"allow":["GET"]}}],"collection":[{"href":"https:\/\/prensapresidencialvenezuela.gob.ve\/index.php\/wp-json\/wp\/v2\/posts"}],"about":[{"href":"https:\/\/prensapresidencialvenezuela.gob.ve\/index.php\/wp-json\/wp\/v2\/types\/post"}],"author":[{"embeddable":true,"href":"https:\/\/prensapresidencialvenezuela.gob.ve\/index.php\/wp-json\/wp\/v2\/users\/6"}],"replies":[{"embeddable":true,"href":"https:\/\/prensapresidencialvenezuela.gob.ve\/index.php\/wp-json\/wp\/v2\/comments?post=4743"}],"version-history":[{"count":1,"href":"https:\/\/prensapresidencialvenezuela.gob.ve\/index.php\/wp-json\/wp\/v2\/posts\/4743\/revisions"}],"predecessor-version":[{"id":4753,"href":"https:\/\/prensapresidencialvenezuela.gob.ve\/index.php\/wp-json\/wp\/v2\/posts\/4743\/revisions\/4753"}],"wp:featuredmedia":[{"embeddable":true,"href":"https:\/\/prensapresidencialvenezuela.gob.ve\/index.php\/wp-json\/wp\/v2\/media\/4752"}],"wp:attachment":[{"href":"https:\/\/prensapresidencialvenezuela.gob.ve\/index.php\/wp-json\/wp\/v2\/media?parent=4743"}],"wp:term":[{"taxonomy":"category","embeddable":true,"href":"https:\/\/prensapresidencialvenezuela.gob.ve\/index.php\/wp-json\/wp\/v2\/categories?post=4743"},{"taxonomy":"post_tag","embeddable":true,"href":"https:\/\/prensapresidencialvenezuela.gob.ve\/index.php\/wp-json\/wp\/v2\/tags?post=4743"}],"curies":[{"name":"wp","href":"https:\/\/api.w.org\/{rel}","templated":true}]}}