{"id":4759,"date":"2023-03-14T22:38:17","date_gmt":"2023-03-14T22:38:17","guid":{"rendered":"http:\/\/172.27.0.121\/?p=4759"},"modified":"2023-03-14T22:38:17","modified_gmt":"2023-03-14T22:38:17","slug":"presidente-nicolas-maduro-clausura-congreso-nacional-de-la-juventud","status":"publish","type":"post","link":"https:\/\/prensapresidencialvenezuela.gob.ve\/index.php\/2023\/03\/14\/presidente-nicolas-maduro-clausura-congreso-nacional-de-la-juventud\/","title":{"rendered":"Presidente Nicol\u00e1s Maduro clausura Congreso Nacional de la Juventud"},"content":{"rendered":"\n<p><strong>Parque Al\u00ed Primera, Caracas.- <\/strong>Desde la Concha Ac\u00fastica del Parque Al\u00ed Primera, ubicado en Caracas, el presidente de la Rep\u00fablica Bolivariana de Venezuela, Nicol\u00e1s Maduro Moros, participa este martes en la clausura del Congreso Nacional de la Juventud.<\/p>\n\n\n\n<p>En aras de profundizar espacios de debate profundo para la definici\u00f3n de pol\u00edticas destinadas a ampliar la presencia de la juventud, se instalaron seis mesas de trabajo con la participaci\u00f3n de m\u00e1s de mil j\u00f3venes procedentes de diferentes estados del pa\u00eds.<\/p>\n\n\n\n<p>En este sentido, se han realizado debates sobre los desaf\u00edos que afronta la juventud ante las medidas coercitivas impuestas por los Estados Unidos y la Uni\u00f3n Europea, para as\u00ed dar aportes concretos para la consolidaci\u00f3n de la Gran Misi\u00f3n Juventud Venezuela.<\/p>\n\n\n\n<p>Entre los temas abordados por los j\u00f3venes se encuentran: pol\u00edticas p\u00fablicas, comunicaciones, tecnolog\u00eda, educaci\u00f3n, econom\u00eda, entre otras \u00e1reas de gran importancia para la naci\u00f3n.<\/p>\n\n\n\n<p>El Congreso Nacional de la Juventud fue convocado el pasado 12 de febrero durante el acto de conmemoraci\u00f3n de los 209 a\u00f1os de la Batalla de La Victoria y el D\u00eda de la Juventud por el Jefe de Estado&nbsp; con el objetivo de fundar la Gran Misi\u00f3n Juventud Venezuela.<\/p>\n\n\n\n<p>En esa oportunidad el presidente Nicol\u00e1s Maduro encomend\u00f3 para la organizaci\u00f3n del Congreso al vicepresidente sectorial para el Socialismo Social y Territorial, Mervin Maldonado; y la secretaria general de la Juventud del Partido Socialista Unido de Venezuela (JPSUV), Grecia Colmenares.<\/p>\n\n\n\n<p><strong>Prensa Presidencial \/ Eduardo Hueck<\/strong><\/p>\n","protected":false},"excerpt":{"rendered":"<p>Parque Al\u00ed Primera, Caracas.- Desde la Concha Ac\u00fastica del Parque Al\u00ed Primera, ubicado en Caracas, el presidente de la Rep\u00fablica Bolivariana de Venezuela, Nicol\u00e1s Maduro Moros, participa este martes en la clausura del Congreso Nacional de la Juventud. En aras de profundizar espacios de debate profundo para la definici\u00f3n de pol\u00edticas destinadas a ampliar la [&hellip;]<\/p>\n","protected":false},"author":6,"featured_media":4760,"comment_status":"open","ping_status":"open","sticky":false,"template":"","format":"standard","meta":{"footnotes":""},"categories":[18,7],"tags":[109],"class_list":["post-4759","post","type-post","status-publish","format-standard","has-post-thumbnail","hentry","category-noticias-principales","category-notas-de-prensa","tag-juventud"],"_links":{"self":[{"href":"https:\/\/prensapresidencialvenezuela.gob.ve\/index.php\/wp-json\/wp\/v2\/posts\/4759","targetHints":{"allow":["GET"]}}],"collection":[{"href":"https:\/\/prensapresidencialvenezuela.gob.ve\/index.php\/wp-json\/wp\/v2\/posts"}],"about":[{"href":"https:\/\/prensapresidencialvenezuela.gob.ve\/index.php\/wp-json\/wp\/v2\/types\/post"}],"author":[{"embeddable":true,"href":"https:\/\/prensapresidencialvenezuela.gob.ve\/index.php\/wp-json\/wp\/v2\/users\/6"}],"replies":[{"embeddable":true,"href":"https:\/\/prensapresidencialvenezuela.gob.ve\/index.php\/wp-json\/wp\/v2\/comments?post=4759"}],"version-history":[{"count":1,"href":"https:\/\/prensapresidencialvenezuela.gob.ve\/index.php\/wp-json\/wp\/v2\/posts\/4759\/revisions"}],"predecessor-version":[{"id":4761,"href":"https:\/\/prensapresidencialvenezuela.gob.ve\/index.php\/wp-json\/wp\/v2\/posts\/4759\/revisions\/4761"}],"wp:featuredmedia":[{"embeddable":true,"href":"https:\/\/prensapresidencialvenezuela.gob.ve\/index.php\/wp-json\/wp\/v2\/media\/4760"}],"wp:attachment":[{"href":"https:\/\/prensapresidencialvenezuela.gob.ve\/index.php\/wp-json\/wp\/v2\/media?parent=4759"}],"wp:term":[{"taxonomy":"category","embeddable":true,"href":"https:\/\/prensapresidencialvenezuela.gob.ve\/index.php\/wp-json\/wp\/v2\/categories?post=4759"},{"taxonomy":"post_tag","embeddable":true,"href":"https:\/\/prensapresidencialvenezuela.gob.ve\/index.php\/wp-json\/wp\/v2\/tags?post=4759"}],"curies":[{"name":"wp","href":"https:\/\/api.w.org\/{rel}","templated":true}]}}