{"id":4784,"date":"2023-03-17T19:38:00","date_gmt":"2023-03-17T19:38:00","guid":{"rendered":"http:\/\/172.27.0.121\/?p=4784"},"modified":"2023-03-17T23:54:24","modified_gmt":"2023-03-17T23:54:24","slug":"clap-celebra-su-septimo-aniversario-con-mas-produccion","status":"publish","type":"post","link":"https:\/\/prensapresidencialvenezuela.gob.ve\/index.php\/2023\/03\/17\/clap-celebra-su-septimo-aniversario-con-mas-produccion\/","title":{"rendered":"CLAP celebra su s\u00e9ptimo aniversario con m\u00e1s producci\u00f3n"},"content":{"rendered":"\n<p><strong>Guatire, estado Miranda.-&nbsp;<\/strong>Los Comit\u00e9 Locales de Abastecimiento y Producci\u00f3n (CLAP) cumplen siete a\u00f1os de resistencia victoriosa y ofensiva productiva ante el bloqueo econ\u00f3mico y las medidas coercitivas unilaterales contra el pueblo de Venezuela, impulsando el Motor Agroindustrial del pa\u00eds al incorporar en su contenido el 95% de alimentos de producci\u00f3n nacional.<\/p>\n\n\n\n<p>En este contexto, el presidente de la Rep\u00fablica, Nicol\u00e1s Maduro, celebra este viernes el s\u00e9ptimo aniversario de su creaci\u00f3n desde el Centro de Empaquetado de Alimentos para los CLAP \u201cOasis\u201d, ubicado en la Zona Industrial de Guatire del estado Miranda.<\/p>\n\n\n\n<p>Este espacio de m\u00e1s de 8.500 metros cuadrados, cuenta con 20 l\u00edneas de producci\u00f3n, donde son empaquetados 50.000 combos al d\u00eda, que son distribuidos en Distrito Capital y los estados Miranda y La Guaira.<\/p>\n\n\n\n<p>El Centro de Empaquetado \u00abOasis\u00bb posee una capacidad de almacenaje de 20.000 toneladas m\u00e9tricas de alimentos y genera 489 empleos directos y 200 empleos indirectos.<\/p>\n\n\n\n<p>Entre 2016 y 2022, los CLAP alcanzaron una distribuci\u00f3n de 741.935.798 combos, equivalentes a 11.298.744 toneladas m\u00e9tricas distribuidas.<\/p>\n\n\n\n<p>Asimismo, pas\u00f3 de favorecer a 7 millones de familias a atender a 7 millones 500 mil familias mensualmente en el a\u00f1o 2022.<\/p>\n\n\n\n<p>El Jefe de Estado se encuentra acompa\u00f1ado por&nbsp; Mervin Maldonado, vicepresidente sectorial del Socialismo Social y Territorial y Carlos Augusto Leal Teller\u00eda, ministro del Poder Popular para la Alimentaci\u00f3n, entre otros representantes del Gabinete Ejecutivo.<\/p>\n\n\n\n<p><strong>Prensa Presidencial \/ Karla Cotoret<\/strong><\/p>\n","protected":false},"excerpt":{"rendered":"<p>Guatire, estado Miranda.-&nbsp;Los Comit\u00e9 Locales de Abastecimiento y Producci\u00f3n (CLAP) cumplen siete a\u00f1os de resistencia victoriosa y ofensiva productiva ante el bloqueo econ\u00f3mico y las medidas coercitivas unilaterales contra el pueblo de Venezuela, impulsando el Motor Agroindustrial del pa\u00eds al incorporar en su contenido el 95% de alimentos de producci\u00f3n nacional. En este contexto, el [&hellip;]<\/p>\n","protected":false},"author":6,"featured_media":4785,"comment_status":"open","ping_status":"open","sticky":false,"template":"","format":"standard","meta":{"footnotes":""},"categories":[18,7],"tags":[],"class_list":["post-4784","post","type-post","status-publish","format-standard","has-post-thumbnail","hentry","category-noticias-principales","category-notas-de-prensa"],"_links":{"self":[{"href":"https:\/\/prensapresidencialvenezuela.gob.ve\/index.php\/wp-json\/wp\/v2\/posts\/4784","targetHints":{"allow":["GET"]}}],"collection":[{"href":"https:\/\/prensapresidencialvenezuela.gob.ve\/index.php\/wp-json\/wp\/v2\/posts"}],"about":[{"href":"https:\/\/prensapresidencialvenezuela.gob.ve\/index.php\/wp-json\/wp\/v2\/types\/post"}],"author":[{"embeddable":true,"href":"https:\/\/prensapresidencialvenezuela.gob.ve\/index.php\/wp-json\/wp\/v2\/users\/6"}],"replies":[{"embeddable":true,"href":"https:\/\/prensapresidencialvenezuela.gob.ve\/index.php\/wp-json\/wp\/v2\/comments?post=4784"}],"version-history":[{"count":1,"href":"https:\/\/prensapresidencialvenezuela.gob.ve\/index.php\/wp-json\/wp\/v2\/posts\/4784\/revisions"}],"predecessor-version":[{"id":4786,"href":"https:\/\/prensapresidencialvenezuela.gob.ve\/index.php\/wp-json\/wp\/v2\/posts\/4784\/revisions\/4786"}],"wp:featuredmedia":[{"embeddable":true,"href":"https:\/\/prensapresidencialvenezuela.gob.ve\/index.php\/wp-json\/wp\/v2\/media\/4785"}],"wp:attachment":[{"href":"https:\/\/prensapresidencialvenezuela.gob.ve\/index.php\/wp-json\/wp\/v2\/media?parent=4784"}],"wp:term":[{"taxonomy":"category","embeddable":true,"href":"https:\/\/prensapresidencialvenezuela.gob.ve\/index.php\/wp-json\/wp\/v2\/categories?post=4784"},{"taxonomy":"post_tag","embeddable":true,"href":"https:\/\/prensapresidencialvenezuela.gob.ve\/index.php\/wp-json\/wp\/v2\/tags?post=4784"}],"curies":[{"name":"wp","href":"https:\/\/api.w.org\/{rel}","templated":true}]}}