{"id":4787,"date":"2023-03-17T19:39:00","date_gmt":"2023-03-17T19:39:00","guid":{"rendered":"http:\/\/172.27.0.121\/?p=4787"},"modified":"2023-03-17T23:54:28","modified_gmt":"2023-03-17T23:54:28","slug":"7-millones-500-mil-familias-son-atendidas-por-los-clap","status":"publish","type":"post","link":"https:\/\/prensapresidencialvenezuela.gob.ve\/index.php\/2023\/03\/17\/7-millones-500-mil-familias-son-atendidas-por-los-clap\/","title":{"rendered":"7 millones 500 mil familias son atendidas por los CLAP"},"content":{"rendered":"\n<p><strong>Guatire, estado Miranda.-&nbsp;<\/strong>Durante la celebraci\u00f3n del 7\u00b0 aniversario de los Comit\u00e9s Locales de Abastecimiento y Producci\u00f3n (CLAP), el presidente de la Rep\u00fablica Bolivariana de Venezuela, Nicol\u00e1s Maduro, puntualiz\u00f3 que actualmente son atendidas 7 millones 500 mil familias a trav\u00e9s de la distribuci\u00f3n de alimentos mensualmente.<\/p>\n\n\n\n<p>\u00abEl CLAP es trabajo, es milagro y es esfuerzo. Es el programa m\u00e1s completo y milagroso\u00bb, enfatiz\u00f3 al precisar que&nbsp;95&nbsp;por ciento de los alimentos de los CLAP son de producci\u00f3n nacional.<\/p>\n\n\n\n<p>Desde el&nbsp;Centro de Empaquetado de Alimentos para los CLAP \u201cOasis\u201d, ubicado en el estado Miranda, detall\u00f3 que m\u00e1s de 45 mil CLAP est\u00e1n consolidados en el territorio nacional. Del total,&nbsp;73 por ciento del liderazgo est\u00e1 en manos de las mujeres.<\/p>\n\n\n\n<p>\u201cEs la mujer la que va al frente la que asume el mando\u201d, subray\u00f3.<\/p>\n\n\n\n<p>Al extender su reconocimiento a los hombres y las mujeres que asumieron el liderazgo en sus comunidades, el Dignatario se\u00f1al\u00f3 que&nbsp;\u201cahora es que hay vida, futuro, esperanza y avance para los CLAP. Ahora es que viene lo bueno y lo mejor para los CLAP\u201d.<\/p>\n\n\n\n<p>A pesar de la arremetida contra los CLAP por parte del gobierno de Estados Unidos (EE.UU.), al sancionar y, en algunos casos, encarcelar a empresarios que prestaban servicio a trav\u00e9s de centros de empaquetado de alimentos, la organizaci\u00f3n popular se consolid\u00f3 como un factor clave para elevar la producci\u00f3n y distribuci\u00f3n.<\/p>\n\n\n\n<p><strong>Prensa Presidencial \/ Eduardo Hueck<\/strong><\/p>\n","protected":false},"excerpt":{"rendered":"<p>Guatire, estado Miranda.-&nbsp;Durante la celebraci\u00f3n del 7\u00b0 aniversario de los Comit\u00e9s Locales de Abastecimiento y Producci\u00f3n (CLAP), el presidente de la Rep\u00fablica Bolivariana de Venezuela, Nicol\u00e1s Maduro, puntualiz\u00f3 que actualmente son atendidas 7 millones 500 mil familias a trav\u00e9s de la distribuci\u00f3n de alimentos mensualmente. \u00abEl CLAP es trabajo, es milagro y es esfuerzo. Es [&hellip;]<\/p>\n","protected":false},"author":6,"featured_media":4788,"comment_status":"open","ping_status":"open","sticky":false,"template":"","format":"standard","meta":{"footnotes":""},"categories":[18,7],"tags":[],"class_list":["post-4787","post","type-post","status-publish","format-standard","has-post-thumbnail","hentry","category-noticias-principales","category-notas-de-prensa"],"_links":{"self":[{"href":"https:\/\/prensapresidencialvenezuela.gob.ve\/index.php\/wp-json\/wp\/v2\/posts\/4787","targetHints":{"allow":["GET"]}}],"collection":[{"href":"https:\/\/prensapresidencialvenezuela.gob.ve\/index.php\/wp-json\/wp\/v2\/posts"}],"about":[{"href":"https:\/\/prensapresidencialvenezuela.gob.ve\/index.php\/wp-json\/wp\/v2\/types\/post"}],"author":[{"embeddable":true,"href":"https:\/\/prensapresidencialvenezuela.gob.ve\/index.php\/wp-json\/wp\/v2\/users\/6"}],"replies":[{"embeddable":true,"href":"https:\/\/prensapresidencialvenezuela.gob.ve\/index.php\/wp-json\/wp\/v2\/comments?post=4787"}],"version-history":[{"count":1,"href":"https:\/\/prensapresidencialvenezuela.gob.ve\/index.php\/wp-json\/wp\/v2\/posts\/4787\/revisions"}],"predecessor-version":[{"id":4789,"href":"https:\/\/prensapresidencialvenezuela.gob.ve\/index.php\/wp-json\/wp\/v2\/posts\/4787\/revisions\/4789"}],"wp:featuredmedia":[{"embeddable":true,"href":"https:\/\/prensapresidencialvenezuela.gob.ve\/index.php\/wp-json\/wp\/v2\/media\/4788"}],"wp:attachment":[{"href":"https:\/\/prensapresidencialvenezuela.gob.ve\/index.php\/wp-json\/wp\/v2\/media?parent=4787"}],"wp:term":[{"taxonomy":"category","embeddable":true,"href":"https:\/\/prensapresidencialvenezuela.gob.ve\/index.php\/wp-json\/wp\/v2\/categories?post=4787"},{"taxonomy":"post_tag","embeddable":true,"href":"https:\/\/prensapresidencialvenezuela.gob.ve\/index.php\/wp-json\/wp\/v2\/tags?post=4787"}],"curies":[{"name":"wp","href":"https:\/\/api.w.org\/{rel}","templated":true}]}}