{"id":4821,"date":"2023-03-23T21:03:55","date_gmt":"2023-03-23T21:03:55","guid":{"rendered":"http:\/\/172.27.0.121\/?p=4821"},"modified":"2023-03-23T21:11:03","modified_gmt":"2023-03-23T21:11:03","slug":"nuevo-encuentro-maduro-petro-afianza-cooperacion-entre-venezuela-y-colombia","status":"publish","type":"post","link":"https:\/\/prensapresidencialvenezuela.gob.ve\/index.php\/2023\/03\/23\/nuevo-encuentro-maduro-petro-afianza-cooperacion-entre-venezuela-y-colombia\/","title":{"rendered":"Maduro y Petro se re\u00fanen en Caracas para profundizar cooperaci\u00f3n"},"content":{"rendered":"\n<p><strong>Casona Cultural \u201cAquiles Nazoa\u201d, estado Miranda.- <\/strong>Bajo los principios de respeto mutuo, autodeterminaci\u00f3n y complementariedad, el presidente de la Rep\u00fablica Bolivariana de Venezuela, Nicol\u00e1s Maduro Moros, sostiene un encuentro con su hom\u00f3logo neogranadino, Gustavo Petro, quien arrib\u00f3 a la Patria de Bol\u00edvar este jueves 23 de marzo.<\/p>\n\n\n\n<p>Esta reuni\u00f3n de trabajo, que se desarrolla en la Casona Cultural \u201cAquiles Nazoa\u201d, ubicada en La Carlota, estado Miranda, permite pasar revista al reci\u00e9n firmado Acuerdo para la Protecci\u00f3n de Inversiones entre ambos pa\u00edses, as\u00ed como tambi\u00e9n definir la ruta que fortalezca el intercambio comercial.<\/p>\n\n\n\n<p>El presidente Maduro ha insistido en que los pueblos de Colombia y Venezuela tienen un destino com\u00fan, y en ese sentido \u201cestamos obligados, en la diversidad de nuestras visiones, a siempre trabajar por el bien com\u00fan de ambos pueblos\u201d.<\/p>\n\n\n\n<p>Desde la elecci\u00f3n de Gustavo Petro como Presidente de la Rep\u00fablica de Colombia, ambos Gobiernos han sostenido comunicaci\u00f3n directa para construir una s\u00f3lida relaci\u00f3n de hermandad que derive en asociaciones estrat\u00e9gicas de beneficio com\u00fan.<\/p>\n\n\n\n<p>Acompa\u00f1an al presidente Maduro, la vicepresidenta Ejecutiva, Delcy Rodr\u00edguez, el canciller de la Rep\u00fablica, Yv\u00e1n Gil; y el presidente de la Asamblea Nacional, Jorge Rodr\u00edguez.<\/p>\n\n\n\n<p>Por la parte colombiana se encuentran la jefa del Despacho de la Presidencia, Laura Sarabia Torres y el ministro de Relaciones Exteriores, \u00c1lvaro Leyva Dur\u00e1n.<\/p>\n\n\n\n<p><strong>Prensa Presidencial\/Karla Cotoret<\/strong><\/p>\n","protected":false},"excerpt":{"rendered":"<p>Casona Cultural \u201cAquiles Nazoa\u201d, estado Miranda.- Bajo los principios de respeto mutuo, autodeterminaci\u00f3n y complementariedad, el presidente de la Rep\u00fablica Bolivariana de Venezuela, Nicol\u00e1s Maduro Moros, sostiene un encuentro con su hom\u00f3logo neogranadino, Gustavo Petro, quien arrib\u00f3 a la Patria de Bol\u00edvar este jueves 23 de marzo. Esta reuni\u00f3n de trabajo, que se desarrolla en [&hellip;]<\/p>\n","protected":false},"author":6,"featured_media":4822,"comment_status":"open","ping_status":"open","sticky":false,"template":"","format":"standard","meta":{"footnotes":""},"categories":[18,7],"tags":[40,30,38,19,27,20],"class_list":["post-4821","post","type-post","status-publish","format-standard","has-post-thumbnail","hentry","category-noticias-principales","category-notas-de-prensa","tag-colombia","tag-destacado","tag-diplomacia-bolivariana-de-paz","tag-nicolas-maduro","tag-revolucion-bolivariana","tag-venezuela"],"_links":{"self":[{"href":"https:\/\/prensapresidencialvenezuela.gob.ve\/index.php\/wp-json\/wp\/v2\/posts\/4821","targetHints":{"allow":["GET"]}}],"collection":[{"href":"https:\/\/prensapresidencialvenezuela.gob.ve\/index.php\/wp-json\/wp\/v2\/posts"}],"about":[{"href":"https:\/\/prensapresidencialvenezuela.gob.ve\/index.php\/wp-json\/wp\/v2\/types\/post"}],"author":[{"embeddable":true,"href":"https:\/\/prensapresidencialvenezuela.gob.ve\/index.php\/wp-json\/wp\/v2\/users\/6"}],"replies":[{"embeddable":true,"href":"https:\/\/prensapresidencialvenezuela.gob.ve\/index.php\/wp-json\/wp\/v2\/comments?post=4821"}],"version-history":[{"count":3,"href":"https:\/\/prensapresidencialvenezuela.gob.ve\/index.php\/wp-json\/wp\/v2\/posts\/4821\/revisions"}],"predecessor-version":[{"id":4825,"href":"https:\/\/prensapresidencialvenezuela.gob.ve\/index.php\/wp-json\/wp\/v2\/posts\/4821\/revisions\/4825"}],"wp:featuredmedia":[{"embeddable":true,"href":"https:\/\/prensapresidencialvenezuela.gob.ve\/index.php\/wp-json\/wp\/v2\/media\/4822"}],"wp:attachment":[{"href":"https:\/\/prensapresidencialvenezuela.gob.ve\/index.php\/wp-json\/wp\/v2\/media?parent=4821"}],"wp:term":[{"taxonomy":"category","embeddable":true,"href":"https:\/\/prensapresidencialvenezuela.gob.ve\/index.php\/wp-json\/wp\/v2\/categories?post=4821"},{"taxonomy":"post_tag","embeddable":true,"href":"https:\/\/prensapresidencialvenezuela.gob.ve\/index.php\/wp-json\/wp\/v2\/tags?post=4821"}],"curies":[{"name":"wp","href":"https:\/\/api.w.org\/{rel}","templated":true}]}}