{"id":4829,"date":"2023-03-25T13:36:00","date_gmt":"2023-03-25T13:36:00","guid":{"rendered":"http:\/\/172.27.0.121\/?p=4829"},"modified":"2023-03-25T13:36:00","modified_gmt":"2023-03-25T13:36:00","slug":"republica-dominicana-epicentro-de-la-geopolitica-iberoamericana","status":"publish","type":"post","link":"https:\/\/prensapresidencialvenezuela.gob.ve\/index.php\/2023\/03\/25\/republica-dominicana-epicentro-de-la-geopolitica-iberoamericana\/","title":{"rendered":"Rep\u00fablica Dominicana, epicentro de la geopol\u00edtica iberoamericana"},"content":{"rendered":"\n<p><strong>Santo Domingo, Rep\u00fablica Dominicana.-<\/strong> Con su colorido caribe\u00f1o, la Rep\u00fablica Dominicana, el segundo pa\u00eds m\u00e1s grande&nbsp; y poblado de los insulares caribe\u00f1os, despu\u00e9s de Cuba, y con m\u00e1s de 11 millones de habitantes, se convierte en el epicentro geopol\u00edtico al albergar en Santo Domingo la XXVIII Cumbre Iberoamericana de Jefes y Jefas de Estado y de Gobierno.<\/p>\n\n\n\n<p>El Centro de Convenciones del Ministerio de Relaciones Exteriores de la naci\u00f3n caribe\u00f1a es el escenario de la cita internacional para la que ya empezaron a llegar representantes de las 22 naciones iberoamericanas y tambi\u00e9n han confirmado su asistencia unos 200 medios de comunicaci\u00f3n nacionales e internacionales, muchos de estos ya apostados en este espacio para dar cobertura al evento iberoamericano.<\/p>\n\n\n\n<p>A la afueras del recinto desde el cual se dirige la pol\u00edtica exterior del pa\u00eds centroamericano ya flamean las banderas de las naciones que conforma el bloque regional.<\/p>\n\n\n\n<p>Entre estas, se encuentra el pabell\u00f3n tricolor de Venezuela, nacion que se ha erigido en estas reuniones por elevar la voz a favor de la defensa de la soberan\u00eda, autodeterminaci\u00f3n de los pueblos y colocar la Diplomacia de Paz en un sitial de honor, en funci\u00f3n de honrar una de sus premisas fundamentales: consenso en medio de la diversidad y las particularidades de cada naci\u00f3n.<\/p>\n\n\n\n<p>Precisamente, en consonancia con la apuesta al multilateralismo&nbsp; que ha exhibido y demostrado Venezuela, en Revoluci\u00f3n Bolivariana, ya est\u00e1 en suelo dominicano el canciller Yv\u00e1n Gil, para participar en las reuniones previas a la Cumbre de Jefes de Estado y de Gobierno que tendr\u00e1 lugar este s\u00e1bado 25 de marzo.<\/p>\n\n\n\n<p>En esta cumbre un conjunto de temas se pondr\u00e1n sobre la mesa, centrados en cuatro ejes: medioambiente, seguridad alimentaria, arquitectura financiera y digitalizaci\u00f3n.<\/p>\n\n\n\n<p>Tambi\u00e9n las naciones iberoamericanas elevar\u00e1n su voz para debatir y decidir en torno a la equidad, como queda reflejado en el propio lema de esta cumbre, \u201cJuntos por una Iberoam\u00e9rica justa y sostenible\u201d.<\/p>\n\n\n\n<p>Este viernes transcurri\u00f3 entre la llegada de los ministros de relaciones exteriores iberoamericanos, quienes posaron para una foto oficial, y luego encabezar reuniones privadas.<\/p>\n\n\n\n<p>Seguidamente, se desarroll\u00f3 un encuentro de empresarios iberoamericanos y se realiz\u00f3 la Presentaci\u00f3n de los Logros sobre el Programa Iberoamericano sobre los Derechos de las Personas con Discapacidad.<\/p>\n\n\n\n<p><strong>Prensa Presidencial\/ Anais Perez<\/strong><\/p>\n","protected":false},"excerpt":{"rendered":"<p>Santo Domingo, Rep\u00fablica Dominicana.- Con su colorido caribe\u00f1o, la Rep\u00fablica Dominicana, el segundo pa\u00eds m\u00e1s grande&nbsp; y poblado de los insulares caribe\u00f1os, despu\u00e9s de Cuba, y con m\u00e1s de 11 millones de habitantes, se convierte en el epicentro geopol\u00edtico al albergar en Santo Domingo la XXVIII Cumbre Iberoamericana de Jefes y Jefas de Estado y [&hellip;]<\/p>\n","protected":false},"author":6,"featured_media":4830,"comment_status":"open","ping_status":"open","sticky":false,"template":"","format":"standard","meta":{"footnotes":""},"categories":[18,7],"tags":[30,38,19,27,20],"class_list":["post-4829","post","type-post","status-publish","format-standard","has-post-thumbnail","hentry","category-noticias-principales","category-notas-de-prensa","tag-destacado","tag-diplomacia-bolivariana-de-paz","tag-nicolas-maduro","tag-revolucion-bolivariana","tag-venezuela"],"_links":{"self":[{"href":"https:\/\/prensapresidencialvenezuela.gob.ve\/index.php\/wp-json\/wp\/v2\/posts\/4829","targetHints":{"allow":["GET"]}}],"collection":[{"href":"https:\/\/prensapresidencialvenezuela.gob.ve\/index.php\/wp-json\/wp\/v2\/posts"}],"about":[{"href":"https:\/\/prensapresidencialvenezuela.gob.ve\/index.php\/wp-json\/wp\/v2\/types\/post"}],"author":[{"embeddable":true,"href":"https:\/\/prensapresidencialvenezuela.gob.ve\/index.php\/wp-json\/wp\/v2\/users\/6"}],"replies":[{"embeddable":true,"href":"https:\/\/prensapresidencialvenezuela.gob.ve\/index.php\/wp-json\/wp\/v2\/comments?post=4829"}],"version-history":[{"count":1,"href":"https:\/\/prensapresidencialvenezuela.gob.ve\/index.php\/wp-json\/wp\/v2\/posts\/4829\/revisions"}],"predecessor-version":[{"id":4831,"href":"https:\/\/prensapresidencialvenezuela.gob.ve\/index.php\/wp-json\/wp\/v2\/posts\/4829\/revisions\/4831"}],"wp:featuredmedia":[{"embeddable":true,"href":"https:\/\/prensapresidencialvenezuela.gob.ve\/index.php\/wp-json\/wp\/v2\/media\/4830"}],"wp:attachment":[{"href":"https:\/\/prensapresidencialvenezuela.gob.ve\/index.php\/wp-json\/wp\/v2\/media?parent=4829"}],"wp:term":[{"taxonomy":"category","embeddable":true,"href":"https:\/\/prensapresidencialvenezuela.gob.ve\/index.php\/wp-json\/wp\/v2\/categories?post=4829"},{"taxonomy":"post_tag","embeddable":true,"href":"https:\/\/prensapresidencialvenezuela.gob.ve\/index.php\/wp-json\/wp\/v2\/tags?post=4829"}],"curies":[{"name":"wp","href":"https:\/\/api.w.org\/{rel}","templated":true}]}}