{"id":4847,"date":"2023-03-25T16:50:28","date_gmt":"2023-03-25T16:50:28","guid":{"rendered":"http:\/\/172.27.0.121\/?p=4847"},"modified":"2023-03-25T16:50:28","modified_gmt":"2023-03-25T16:50:28","slug":"arce-se-deben-crear-mecanismos-para-mitigar-los-efectos-de-la-crisis-climatica","status":"publish","type":"post","link":"https:\/\/prensapresidencialvenezuela.gob.ve\/index.php\/2023\/03\/25\/arce-se-deben-crear-mecanismos-para-mitigar-los-efectos-de-la-crisis-climatica\/","title":{"rendered":"Arce: Se deben crear mecanismos para mitigar los efectos de la crisis clim\u00e1tica"},"content":{"rendered":"\n<p><strong>Santo Domingo, Rep\u00fablica Dominicana.-<\/strong> \u201cLa crisis clim\u00e1tica nos llama, sin duda, a reflexionar y tomar medidas efectivas y urgentes para asegurar un planeta que puedan habitar las futuras generaciones de nuestros pueblos (\u2026) estos efectos han generado afectaci\u00f3n a la salud alimentaria, la lucha contra la pobreza y el hambre\u201d.<\/p>\n\n\n\n<p>As\u00ed lo expres\u00f3 el presidente de Bolivia, Lu\u00eds Arce, durante su intervenci\u00f3n en la XXVIII Cumbre Iberoamericana de Jefes y Jefas de Estado y de Gobierno que se realiza este 25 de marzo, en Santo Domingo, Rep\u00fablica Dominicana.<\/p>\n\n\n\n<p>Asegur\u00f3 que Am\u00e9rica Latina est\u00e1 sufriendo los embates del cambio clim\u00e1tico con sequias en algunos puntos e inundaciones que afectan a los pa\u00edses, al tiempo que, exhort\u00f3 a los l\u00edderes mundiales a multiplicar la voz a fin de declarar como derecho humano el rescate del agua como vital l\u00edquido, para mitigar los impactos de la crisis, entre otros elementos urgentes.<\/p>\n\n\n\n<p>Los Mandatarios y l\u00edderes del mundo han priorizado en la Agenda Global temas importantes como la pobreza, la desnutrici\u00f3n, adem\u00e1s de las \u00e1reas econ\u00f3micas y sociales y al respecto, Arce destac\u00f3 que \u201cel derecho a una dieta saludable debe ser un derecho y no un privilegio, m\u00e1s a\u00fan cuando en nuestra Regi\u00f3n se producen alimentos sanos. &nbsp;<\/p>\n\n\n\n<p>En este sentido, precis\u00f3 que solo la tecnolog\u00eda aplicada a los procesos industriales, basada en la creatividad y trabajo de productores, permitir\u00e1 aumentar la fabricaci\u00f3n de alimentos sanos en la Regi\u00f3n.<\/p>\n\n\n\n<p>El Presidente boliviano alert\u00f3 que en un momento donde el mundo a\u00fan se encuentra afectado por la emergencia sanitaria, como consecuencia de la pandemia COVID-19, \u201ces urgente la necesidad de crear mecanismos estructurales para responder en este mundo de transformaci\u00f3n lleno de retos y desaf\u00edos\u201d.<\/p>\n\n\n\n<p>De igual modo, rechaz\u00f3 el modelo capitalista impuesto por el gobierno de Estados Unidos, \u201cque pone cada vez m\u00e1s en riesgo la vida de la humanidad y de nuestra Madre Tierra, esta crisis se manifiesta cuando enfrentamos la crisis mental, clim\u00e1tica, energ\u00e9tica, sanitaria, econ\u00f3mica, h\u00eddrica y social\u201d.<\/p>\n\n\n\n<p>Finalmente, celebr\u00f3 la instalaci\u00f3n de la XXVIII Cumbre Iberoamericana como espacio del di\u00e1logo, la cooperaci\u00f3n y la solidaridad, que est\u00e1 orientada por los principios de soberan\u00eda e integridad territorial \u201cy la no intervenci\u00f3n en los asuntos internos de cada Estado y que por el derecho de que cada pueblo constituya en la paz, estabilidad y justicia su sistema pol\u00edtico y sus instituciones\u201d.<\/p>\n\n\n\n<p><strong>Prensa Presidencial\/Joelin Jim\u00e9nez<\/strong><\/p>\n","protected":false},"excerpt":{"rendered":"<p>Santo Domingo, Rep\u00fablica Dominicana.- \u201cLa crisis clim\u00e1tica nos llama, sin duda, a reflexionar y tomar medidas efectivas y urgentes para asegurar un planeta que puedan habitar las futuras generaciones de nuestros pueblos (\u2026) estos efectos han generado afectaci\u00f3n a la salud alimentaria, la lucha contra la pobreza y el hambre\u201d. As\u00ed lo expres\u00f3 el presidente [&hellip;]<\/p>\n","protected":false},"author":6,"featured_media":4848,"comment_status":"open","ping_status":"open","sticky":false,"template":"","format":"standard","meta":{"footnotes":""},"categories":[18,7],"tags":[30,38,19,112,27,20],"class_list":["post-4847","post","type-post","status-publish","format-standard","has-post-thumbnail","hentry","category-noticias-principales","category-notas-de-prensa","tag-destacado","tag-diplomacia-bolivariana-de-paz","tag-nicolas-maduro","tag-republica-dominicana","tag-revolucion-bolivariana","tag-venezuela"],"_links":{"self":[{"href":"https:\/\/prensapresidencialvenezuela.gob.ve\/index.php\/wp-json\/wp\/v2\/posts\/4847","targetHints":{"allow":["GET"]}}],"collection":[{"href":"https:\/\/prensapresidencialvenezuela.gob.ve\/index.php\/wp-json\/wp\/v2\/posts"}],"about":[{"href":"https:\/\/prensapresidencialvenezuela.gob.ve\/index.php\/wp-json\/wp\/v2\/types\/post"}],"author":[{"embeddable":true,"href":"https:\/\/prensapresidencialvenezuela.gob.ve\/index.php\/wp-json\/wp\/v2\/users\/6"}],"replies":[{"embeddable":true,"href":"https:\/\/prensapresidencialvenezuela.gob.ve\/index.php\/wp-json\/wp\/v2\/comments?post=4847"}],"version-history":[{"count":1,"href":"https:\/\/prensapresidencialvenezuela.gob.ve\/index.php\/wp-json\/wp\/v2\/posts\/4847\/revisions"}],"predecessor-version":[{"id":4849,"href":"https:\/\/prensapresidencialvenezuela.gob.ve\/index.php\/wp-json\/wp\/v2\/posts\/4847\/revisions\/4849"}],"wp:featuredmedia":[{"embeddable":true,"href":"https:\/\/prensapresidencialvenezuela.gob.ve\/index.php\/wp-json\/wp\/v2\/media\/4848"}],"wp:attachment":[{"href":"https:\/\/prensapresidencialvenezuela.gob.ve\/index.php\/wp-json\/wp\/v2\/media?parent=4847"}],"wp:term":[{"taxonomy":"category","embeddable":true,"href":"https:\/\/prensapresidencialvenezuela.gob.ve\/index.php\/wp-json\/wp\/v2\/categories?post=4847"},{"taxonomy":"post_tag","embeddable":true,"href":"https:\/\/prensapresidencialvenezuela.gob.ve\/index.php\/wp-json\/wp\/v2\/tags?post=4847"}],"curies":[{"name":"wp","href":"https:\/\/api.w.org\/{rel}","templated":true}]}}