{"id":4865,"date":"2023-03-25T23:08:33","date_gmt":"2023-03-25T23:08:33","guid":{"rendered":"http:\/\/172.27.0.121\/?p=4865"},"modified":"2023-03-25T23:08:33","modified_gmt":"2023-03-25T23:08:33","slug":"nicaragua-exige-levantamiento-de-medidas-coercitivas-unilaterales-impuestas-a-venezuela","status":"publish","type":"post","link":"https:\/\/prensapresidencialvenezuela.gob.ve\/index.php\/2023\/03\/25\/nicaragua-exige-levantamiento-de-medidas-coercitivas-unilaterales-impuestas-a-venezuela\/","title":{"rendered":"Nicaragua exige levantamiento de medidas coercitivas unilaterales impuestas a Venezuela"},"content":{"rendered":"\n<p><strong>Santo Domingo, Rep\u00fablica Dominicana.- <\/strong>Al asegurar que las medidas coercitivas unilaterales representan un gran da\u00f1o a la econom\u00eda de los pueblos, el canciller de Nicaragua, Denis Moncada, exigi\u00f3 el levantamiento del bloqueo econ\u00f3mico y comercial impuesto por el gobierno estadounidense en contra de Venezuela, Cuba y Nicaragua.<\/p>\n\n\n\n<p>\u201cLas agresiones y medidas coercitivas unilaterales son incoherentes y dificultan caminar juntos en una Iberoam\u00e9rica justa y sostenible\u201d, afirm\u00f3 el Ministro de Relaciones Exteriores durante su intervenci\u00f3n en la XXVIII Cumbre Iberoamericana de Jefes y Jefas de Estado y de Gobierno que se realiz\u00f3 en Santo Domingo, Rep\u00fablica Dominicana.<\/p>\n\n\n\n<p>En contexto, asever\u00f3 que la humanidad est\u00e1 creando las condiciones para romper con la hegemon\u00eda dominante \u201cque por tanto tiempo han sometido al planeta y a la mayor\u00eda de la poblaci\u00f3n humana, generando la guerra, el colapso ambiental, la destrucci\u00f3n, inestabilidad, pobreza y hambre\u201d.<\/p>\n\n\n\n<p>Asimismo, Moncada insisti\u00f3 en la necesidad de avanzar con voz propia hacia un camino donde prevalezca la identidad, valores compartidos y la integraci\u00f3n de Iberoam\u00e9rica, \u201crechazando y denunciando los vestigios del colonialismo, as\u00ed como tambi\u00e9n el criminal bloqueo, econ\u00f3mico, comercial y financiero impuesto a naciones como Venezuela y Cuba\u201d.<\/p>\n\n\n\n<p>De igual modo, reiter\u00f3 que a\u00fan existen pa\u00edses que mantienen ideas imperiales que constantemente sobreponen sus intereses hegem\u00f3nicos por encima de las prioridades de la comunidad humana, \u201cfomentando guerras, sanciones y campa\u00f1as difamatorias, violando de esta manera los principios de respeto mutuo, solidaridad, di\u00e1logo y cooperaci\u00f3n entre los Estados\u201d.<\/p>\n\n\n\n<p>Igualmente, asegur\u00f3 que Iberoam\u00e9rica impulsa transformaciones \u201cjustas, necesarias e irreversibles\u201d, que permitir\u00e1n consolidar un orden mundial multipolar sustentado en los principios mutuos, la no discriminaci\u00f3n y igualdad entre los Estados, \u201csin importar el tama\u00f1o geogr\u00e1fico o poblacional, poder\u00edo militar o econ\u00f3mico (\u2026) priorizando siempre la negociaci\u00f3n y la cooperaci\u00f3n por encima del conflicto\u201d, sentenci\u00f3.<\/p>\n\n\n\n<p><strong>Prensa Presidencial\/Joelin Jim\u00e9nez<\/strong><\/p>\n","protected":false},"excerpt":{"rendered":"<p>Santo Domingo, Rep\u00fablica Dominicana.- Al asegurar que las medidas coercitivas unilaterales representan un gran da\u00f1o a la econom\u00eda de los pueblos, el canciller de Nicaragua, Denis Moncada, exigi\u00f3 el levantamiento del bloqueo econ\u00f3mico y comercial impuesto por el gobierno estadounidense en contra de Venezuela, Cuba y Nicaragua. \u201cLas agresiones y medidas coercitivas unilaterales son incoherentes [&hellip;]<\/p>\n","protected":false},"author":6,"featured_media":4866,"comment_status":"open","ping_status":"closed","sticky":false,"template":"","format":"standard","meta":{"footnotes":""},"categories":[18,7],"tags":[30,38,19,112,27,20],"class_list":["post-4865","post","type-post","status-publish","format-standard","has-post-thumbnail","hentry","category-noticias-principales","category-notas-de-prensa","tag-destacado","tag-diplomacia-bolivariana-de-paz","tag-nicolas-maduro","tag-republica-dominicana","tag-revolucion-bolivariana","tag-venezuela"],"_links":{"self":[{"href":"https:\/\/prensapresidencialvenezuela.gob.ve\/index.php\/wp-json\/wp\/v2\/posts\/4865","targetHints":{"allow":["GET"]}}],"collection":[{"href":"https:\/\/prensapresidencialvenezuela.gob.ve\/index.php\/wp-json\/wp\/v2\/posts"}],"about":[{"href":"https:\/\/prensapresidencialvenezuela.gob.ve\/index.php\/wp-json\/wp\/v2\/types\/post"}],"author":[{"embeddable":true,"href":"https:\/\/prensapresidencialvenezuela.gob.ve\/index.php\/wp-json\/wp\/v2\/users\/6"}],"replies":[{"embeddable":true,"href":"https:\/\/prensapresidencialvenezuela.gob.ve\/index.php\/wp-json\/wp\/v2\/comments?post=4865"}],"version-history":[{"count":1,"href":"https:\/\/prensapresidencialvenezuela.gob.ve\/index.php\/wp-json\/wp\/v2\/posts\/4865\/revisions"}],"predecessor-version":[{"id":4867,"href":"https:\/\/prensapresidencialvenezuela.gob.ve\/index.php\/wp-json\/wp\/v2\/posts\/4865\/revisions\/4867"}],"wp:featuredmedia":[{"embeddable":true,"href":"https:\/\/prensapresidencialvenezuela.gob.ve\/index.php\/wp-json\/wp\/v2\/media\/4866"}],"wp:attachment":[{"href":"https:\/\/prensapresidencialvenezuela.gob.ve\/index.php\/wp-json\/wp\/v2\/media?parent=4865"}],"wp:term":[{"taxonomy":"category","embeddable":true,"href":"https:\/\/prensapresidencialvenezuela.gob.ve\/index.php\/wp-json\/wp\/v2\/categories?post=4865"},{"taxonomy":"post_tag","embeddable":true,"href":"https:\/\/prensapresidencialvenezuela.gob.ve\/index.php\/wp-json\/wp\/v2\/tags?post=4865"}],"curies":[{"name":"wp","href":"https:\/\/api.w.org\/{rel}","templated":true}]}}