{"id":4868,"date":"2023-03-25T23:17:31","date_gmt":"2023-03-25T23:17:31","guid":{"rendered":"http:\/\/172.27.0.121\/?p=4868"},"modified":"2023-03-25T23:17:31","modified_gmt":"2023-03-25T23:17:31","slug":"venezuela-exige-fortalecer-accion-para-erradicar-medidas-coercitivas-unilaterales","status":"publish","type":"post","link":"https:\/\/prensapresidencialvenezuela.gob.ve\/index.php\/2023\/03\/25\/venezuela-exige-fortalecer-accion-para-erradicar-medidas-coercitivas-unilaterales\/","title":{"rendered":"Venezuela exige fortalecer acci\u00f3n para erradicar medidas coercitivas unilaterales"},"content":{"rendered":"\n<p><strong>Santo Domingo, Rep\u00fablica Dominicana.-<\/strong> Ampar\u00e1ndose en el lema \u201cjuntos por una Iberoam\u00e9rica justa y sostenible\u201d que identifica a la XXVIII Cumbre Iberoamericana de Jefas y Jefes de Estado y de Gobierno, el canciller de la Rep\u00fablica Bolivariana de Venezuela, Yvan Gil, en nombre del Gobierno y el pueblo venezolano, pidi\u00f3 accionar con m\u00e1s fuerza por el cese y erradicaci\u00f3n de la pr\u00e1ctica neocolonial de la aplicaci\u00f3n de las medidas coercitivas unilaterales contra Venezuela.<\/p>\n\n\n\n<p>\u201cDeben accionar con m\u00e1s fuerza por el cese y erradicaci\u00f3n de la pr\u00e1ctica neocolonial de la aplicaci\u00f3n de las criminales medidas coercitivas unilaterales, incluidas las personales, como por ejemplo las impuestas por los Estados Unidos de Norteam\u00e9rica o la Uni\u00f3n Europea a tres de los pa\u00edses soberanos que somos miembros de la conferencia iberoamericana (Cuba, Nicaragua y Venezuela)\u201d, ejemplific\u00f3 el Canciller venezolano.<\/p>\n\n\n\n<p>A la concurrencia precis\u00f3 que las medidas coercitivas unilaterales \u201cnos perjudican a todos: violan sistem\u00e1ticamente los derechos humanos, impiden el comercio justo, obstaculizan el restablecimiento de las relaciones econ\u00f3micas para la prosperidad de nuestros pueblos e impiden el desarrollo\u201d.<\/p>\n\n\n\n<p>En contexto, el representante de la pol\u00edtica exterior venezolana describi\u00f3 que Venezuela ha sido sometida desde el a\u00f1o 2015 a 929 medidas coercitivas unilaterales, han sido secuestrados m\u00e1s de 7 mil millones de d\u00f3lares en cuentas europeas y estadounidenses y el pa\u00eds ha sido v\u00edctima del robo de empresas como Citgo, filial de Petr\u00f3leos de Venezuela (PDVSA), en los Estados Unidos.<\/p>\n\n\n\n<p>Son \u201cempresas y dinero del pueblo venezolano, para la salud, la vivienda, la educaci\u00f3n y el desarrollo\u201d, enfatiz\u00f3 el diplom\u00e1tico, quien adem\u00e1s indic\u00f3 que estas medidas han impactado incluso en que \u201cnuestro pa\u00eds no pueda participar de la cooperaci\u00f3n mutua de esta conferencia a trav\u00e9s de los diferentes programas, iniciativas y proyectos iberoamericanos en los que Venezuela fue pionera a\u00f1os atr\u00e1s\u201d.<\/p>\n\n\n\n<p>Justific\u00f3 que, por esa raz\u00f3n, hoy el gobierno y el pueblo venezolano ven con gran satisfacci\u00f3n que esta conferencia ha tomado consciencia de esta situaci\u00f3n, reflej\u00e1ndose en los distintos p\u00e1rrafos aprobados en el documento de esta cumbre. \u201cEsto es trabajar por una Iberoam\u00e9rica justa y sostenible\u201d, aplaudi\u00f3.<\/p>\n\n\n\n<p>Record\u00f3 que estos espacios permiten llevar la verdad, \u201caquella verdad que muchos medios de comunicaci\u00f3n, grandes corporaciones de comunicaci\u00f3n no dicen al mundo\u201d, porque la realidad es que a \u201cVenezuela se le ha perseguido y a pesar de ello siempre se ha mantenido digna para mitigar y combatir los ataques sistem\u00e1ticos en todos los niveles y formas\u201d.<\/p>\n\n\n\n<p><strong>Prensa Presidencial\/ Anais P\u00e9rez<\/strong><\/p>\n","protected":false},"excerpt":{"rendered":"<p>Santo Domingo, Rep\u00fablica Dominicana.- Ampar\u00e1ndose en el lema \u201cjuntos por una Iberoam\u00e9rica justa y sostenible\u201d que identifica a la XXVIII Cumbre Iberoamericana de Jefas y Jefes de Estado y de Gobierno, el canciller de la Rep\u00fablica Bolivariana de Venezuela, Yvan Gil, en nombre del Gobierno y el pueblo venezolano, pidi\u00f3 accionar con m\u00e1s fuerza por [&hellip;]<\/p>\n","protected":false},"author":6,"featured_media":4869,"comment_status":"open","ping_status":"open","sticky":false,"template":"","format":"standard","meta":{"footnotes":""},"categories":[18,7],"tags":[30,38,19,112,27,20],"class_list":["post-4868","post","type-post","status-publish","format-standard","has-post-thumbnail","hentry","category-noticias-principales","category-notas-de-prensa","tag-destacado","tag-diplomacia-bolivariana-de-paz","tag-nicolas-maduro","tag-republica-dominicana","tag-revolucion-bolivariana","tag-venezuela"],"_links":{"self":[{"href":"https:\/\/prensapresidencialvenezuela.gob.ve\/index.php\/wp-json\/wp\/v2\/posts\/4868","targetHints":{"allow":["GET"]}}],"collection":[{"href":"https:\/\/prensapresidencialvenezuela.gob.ve\/index.php\/wp-json\/wp\/v2\/posts"}],"about":[{"href":"https:\/\/prensapresidencialvenezuela.gob.ve\/index.php\/wp-json\/wp\/v2\/types\/post"}],"author":[{"embeddable":true,"href":"https:\/\/prensapresidencialvenezuela.gob.ve\/index.php\/wp-json\/wp\/v2\/users\/6"}],"replies":[{"embeddable":true,"href":"https:\/\/prensapresidencialvenezuela.gob.ve\/index.php\/wp-json\/wp\/v2\/comments?post=4868"}],"version-history":[{"count":1,"href":"https:\/\/prensapresidencialvenezuela.gob.ve\/index.php\/wp-json\/wp\/v2\/posts\/4868\/revisions"}],"predecessor-version":[{"id":4870,"href":"https:\/\/prensapresidencialvenezuela.gob.ve\/index.php\/wp-json\/wp\/v2\/posts\/4868\/revisions\/4870"}],"wp:featuredmedia":[{"embeddable":true,"href":"https:\/\/prensapresidencialvenezuela.gob.ve\/index.php\/wp-json\/wp\/v2\/media\/4869"}],"wp:attachment":[{"href":"https:\/\/prensapresidencialvenezuela.gob.ve\/index.php\/wp-json\/wp\/v2\/media?parent=4868"}],"wp:term":[{"taxonomy":"category","embeddable":true,"href":"https:\/\/prensapresidencialvenezuela.gob.ve\/index.php\/wp-json\/wp\/v2\/categories?post=4868"},{"taxonomy":"post_tag","embeddable":true,"href":"https:\/\/prensapresidencialvenezuela.gob.ve\/index.php\/wp-json\/wp\/v2\/tags?post=4868"}],"curies":[{"name":"wp","href":"https:\/\/api.w.org\/{rel}","templated":true}]}}