{"id":4880,"date":"2023-03-29T23:05:59","date_gmt":"2023-03-29T23:05:59","guid":{"rendered":"http:\/\/172.27.0.121\/?p=4880"},"modified":"2023-03-29T23:05:59","modified_gmt":"2023-03-29T23:05:59","slug":"venezuela-se-ubica-en-el-primer-lugar-de-cria-de-ganado-bufalino-de-america","status":"publish","type":"post","link":"https:\/\/prensapresidencialvenezuela.gob.ve\/index.php\/2023\/03\/29\/venezuela-se-ubica-en-el-primer-lugar-de-cria-de-ganado-bufalino-de-america\/","title":{"rendered":"Venezuela se ubica en el primer lugar de cr\u00eda de ganado bufalino de Am\u00e9rica"},"content":{"rendered":"\n<p><strong>Palacio de Miraflores, Caracas.- <\/strong>Al totalizar m\u00e1s de 3 millones 700 mil cabezas de b\u00fafalo, Venezuela se ubica en el primer lugar de Am\u00e9rica en la cr\u00eda de ganado bufalino.<\/p>\n\n\n\n<p>El balance lo realiz\u00f3 el presidente de la Rep\u00fablica, Nicol\u00e1s Maduro, al precisar que 20% del ganado venezolano es bufalino, lo que garantiza la producci\u00f3n de carne y leche, as\u00ed como productos derivados para satisfacer la demanda nacional.<\/p>\n\n\n\n<p>\u201cVenezuela tiene m\u00e1s de 3 millones 700 mil cabezas de b\u00fafalo, nosotros rompemos cifras con los pa\u00edses vecinos. Tenemos un ganado bufalino de gran calidad que se va acrecentando\u201d, puntualiz\u00f3 desde el estado Miranda.<\/p>\n\n\n\n<p>En tanto, el presidente de la Asociaci\u00f3n Criab\u00fafalos Venezuela, Nicola Fabbozzo, detall\u00f3 que entre el 40% y el 45% de la leche que se produce en Venezuela corresponde al sector bufalino, lo que se traduce en una producci\u00f3n diaria de 2 millones 500 mil litros de leche.<\/p>\n\n\n\n<p>Dado el potencial de producci\u00f3n bufalina de Venezuela, el jefe de Estado instruy\u00f3 delinear un plan para iniciar la exportaci\u00f3n de carne de b\u00fafalo en funci\u00f3n de expandir las fuentes de generaci\u00f3n de divisas.<\/p>\n\n\n\n<p>\u201cTenemos que diversificar las fuentes de riqueza nacional y el camino de diversificaci\u00f3n es la producci\u00f3n del campo y construir la vocaci\u00f3n exportadora en todos los rubros\u201d, asever\u00f3, al tiempo que se\u00f1al\u00f3 que el objetivo es convertir a Venezuela \u201cen un exportador neto de alimentos al mundo\u201d.<\/p>\n\n\n\n<p><strong>Impulso a la producci\u00f3n bufalina<\/strong><\/p>\n\n\n\n<p>En el contexto de la II Feria Nacional Criab\u00fafalos Venezuela 2023, que se desarrolla en el Parque Sim\u00f3n Bol\u00edvar, el gobernador del estado Miranda, H\u00e9ctor Rodr\u00edguez, inform\u00f3 que pr\u00f3ximamente se retomar\u00e1 la crianza y producci\u00f3n de b\u00fafalo en la zona de Barlovento.<\/p>\n\n\n\n<p>Explic\u00f3 que, en conjunto con la Asociaci\u00f3n Criab\u00fafalos Venezuela, se han realizado jornadas de asesoramiento a productores locales para reimpulsar la producci\u00f3n en un terreno de 8 mil hect\u00e1reas.<\/p>\n\n\n\n<p>\u201cEsta semana vamos a firmar un acuerdo para incrementar la producci\u00f3n. De esta manera, Miranda tambi\u00e9n se suma al esfuerzo para la producci\u00f3n de b\u00fafalo y la reconstrucci\u00f3n de la econom\u00eda venezolana\u201d, agreg\u00f3.<\/p>\n\n\n\n<p><strong>Prensa Presidencial \/ Karelis Gonz\u00e1lez<\/strong><\/p>\n","protected":false},"excerpt":{"rendered":"<p>Palacio de Miraflores, Caracas.- Al totalizar m\u00e1s de 3 millones 700 mil cabezas de b\u00fafalo, Venezuela se ubica en el primer lugar de Am\u00e9rica en la cr\u00eda de ganado bufalino. El balance lo realiz\u00f3 el presidente de la Rep\u00fablica, Nicol\u00e1s Maduro, al precisar que 20% del ganado venezolano es bufalino, lo que garantiza la producci\u00f3n [&hellip;]<\/p>\n","protected":false},"author":6,"featured_media":4881,"comment_status":"open","ping_status":"open","sticky":false,"template":"","format":"standard","meta":{"footnotes":""},"categories":[18,7],"tags":[30,21,19,27,20],"class_list":["post-4880","post","type-post","status-publish","format-standard","has-post-thumbnail","hentry","category-noticias-principales","category-notas-de-prensa","tag-destacado","tag-economia-venezolana","tag-nicolas-maduro","tag-revolucion-bolivariana","tag-venezuela"],"_links":{"self":[{"href":"https:\/\/prensapresidencialvenezuela.gob.ve\/index.php\/wp-json\/wp\/v2\/posts\/4880","targetHints":{"allow":["GET"]}}],"collection":[{"href":"https:\/\/prensapresidencialvenezuela.gob.ve\/index.php\/wp-json\/wp\/v2\/posts"}],"about":[{"href":"https:\/\/prensapresidencialvenezuela.gob.ve\/index.php\/wp-json\/wp\/v2\/types\/post"}],"author":[{"embeddable":true,"href":"https:\/\/prensapresidencialvenezuela.gob.ve\/index.php\/wp-json\/wp\/v2\/users\/6"}],"replies":[{"embeddable":true,"href":"https:\/\/prensapresidencialvenezuela.gob.ve\/index.php\/wp-json\/wp\/v2\/comments?post=4880"}],"version-history":[{"count":1,"href":"https:\/\/prensapresidencialvenezuela.gob.ve\/index.php\/wp-json\/wp\/v2\/posts\/4880\/revisions"}],"predecessor-version":[{"id":4882,"href":"https:\/\/prensapresidencialvenezuela.gob.ve\/index.php\/wp-json\/wp\/v2\/posts\/4880\/revisions\/4882"}],"wp:featuredmedia":[{"embeddable":true,"href":"https:\/\/prensapresidencialvenezuela.gob.ve\/index.php\/wp-json\/wp\/v2\/media\/4881"}],"wp:attachment":[{"href":"https:\/\/prensapresidencialvenezuela.gob.ve\/index.php\/wp-json\/wp\/v2\/media?parent=4880"}],"wp:term":[{"taxonomy":"category","embeddable":true,"href":"https:\/\/prensapresidencialvenezuela.gob.ve\/index.php\/wp-json\/wp\/v2\/categories?post=4880"},{"taxonomy":"post_tag","embeddable":true,"href":"https:\/\/prensapresidencialvenezuela.gob.ve\/index.php\/wp-json\/wp\/v2\/tags?post=4880"}],"curies":[{"name":"wp","href":"https:\/\/api.w.org\/{rel}","templated":true}]}}