{"id":4905,"date":"2023-03-30T23:06:22","date_gmt":"2023-03-30T23:06:22","guid":{"rendered":"http:\/\/172.27.0.121\/?p=4905"},"modified":"2023-03-30T23:06:22","modified_gmt":"2023-03-30T23:06:22","slug":"gobierno-bolivariano-entrega-obras-publicas-de-salud-y-educacion-a-nivel-nacional","status":"publish","type":"post","link":"https:\/\/prensapresidencialvenezuela.gob.ve\/index.php\/2023\/03\/30\/gobierno-bolivariano-entrega-obras-publicas-de-salud-y-educacion-a-nivel-nacional\/","title":{"rendered":"Gobierno Bolivariano entrega obras p\u00fablicas de salud y educaci\u00f3n a nivel nacional"},"content":{"rendered":"\n<p><strong>Municipio Crist\u00f3bal Rojas, estado Miranda.<\/strong>&#8211; Durante una jornada de trabajo dedicada al balance de la rehabilitaci\u00f3n e inauguraci\u00f3n de obras p\u00fablicas para el pueblo venezolano, el presidente de la Rep\u00fablica, Nicol\u00e1s Maduro Moros, realiz\u00f3 la entrega de infraestructuras de salud y educaci\u00f3n universitaria, como parte del cumplimento de las pol\u00edticas que impulsa el Gobierno Bolivariano.<\/p>\n\n\n\n<p>Desde la Planta Potabilizadora Caujarito, en estado Miranda y a trav\u00e9s de un enlace televisivo al estado Falc\u00f3n, se realiz\u00f3 la reinauguraci\u00f3n del servicio de cirug\u00eda pedi\u00e1trica y emergencia adulta del Hospital \u201cDr. Rafael Calles Sierra\u201d, del Instituto Venezolano de los Seguros Sociales (IVSS), ubiacsdo en el municipio Carirubana de la entidad.<\/p>\n\n\n\n<p>Con la reinauguraci\u00f3n de este Centro de Salud, se atender\u00e1n a m\u00e1s de 450 mil habitantes de manera directa. \u201cEste hospital fue fundado en 1987 y gracias a la Revoluci\u00f3n Bolivariana se construy\u00f3 un edificio que consta de m\u00e1s 5 mil metros cuadrados en las en sus \u00e1reas internas y externas\u201d, destac\u00f3 el gobernador de la entidad V\u00edctor Clark.<\/p>\n\n\n\n<p>Los trabajos realizados en la infraestructura del Hospital comprendieron la ampliaci\u00f3n de los servicios, dotaci\u00f3n, electrificacion y climatizaci\u00f3n de las \u00e1reas. \u201cSon m\u00e1s de 60 espacios, que hoy dignamente se entregan para el servicio de la comunidad\u201d, recalc\u00f3 Clark.<\/p>\n\n\n\n<p>Asimismo, cuenta con 40 residentes para ampliar las capacidades del sistema Nacional P\u00fablico de Salud y formarse en las distintas especialidades m\u00e9dicas. \u201cEste centro de salud cuenta con 129 especialistas, 200 enfermeras, sala de curas, de yeso, triaje de cirug\u00eda general, \u00e1rea de terapia respiratoria, traje de medicina interna, entre otras\u201d, inform\u00f3 la ministra del Poder Popular para la Salud, Magaly Guti\u00e9rrez.<\/p>\n\n\n\n<p><strong>Gu\u00e1rico, vanguardia en la educaci\u00f3n universitaria<\/strong><\/p>\n\n\n\n<p>De igual manera, en el estado Gu\u00e1rico, se inaugur\u00f3 el edificio de la facultad de Ciencias Pol\u00edticas y Jur\u00eddicas de la Universidad Nacional Experimental de los Llanos Centrales R\u00f3mulo Gallegos (UNERG), ubicada en la entidad llanera. Este edificio consta de 18 aulas, m\u00e1s dos espacios que servir\u00e1n para realizar pr\u00e1cticas, salas de ba\u00f1o, \u00e1reas administrativas, entre otras.<\/p>\n\n\n\n<p>Es importante destacar, que los estudiantes de esta Casa de Estudios no contaban con un edificio para culminar sus estudios universitarios. \u201cLos estudiantes ten\u00edan 15 a\u00f1os sin una sede propia para continuar sus estudios, ahora gracias a la Revoluci\u00f3n Bolivariana cuentan con instalaciones dignas\u201d, asegur\u00f3 Jos\u00e9 V\u00e1zquez, gobernador del estado Gu\u00e1rico.<\/p>\n\n\n\n<p>Finalmente, el Mandatario nacional insisti\u00f3 en la necesidad de fortalecer el Sisten 1&#215;10 del Buen Gobierno, \u201cpara que el pueblo tenga donde poner sus denuncias, donde decir su verdad, donde ser atendido y se puedan atender los problemas de manera permanente\u201d, concluy\u00f3.<\/p>\n\n\n\n<p><strong>Prensa Presidencial\/Joelin Jim\u00e9nez<\/strong><\/p>\n","protected":false},"excerpt":{"rendered":"<p>Municipio Crist\u00f3bal Rojas, estado Miranda.&#8211; Durante una jornada de trabajo dedicada al balance de la rehabilitaci\u00f3n e inauguraci\u00f3n de obras p\u00fablicas para el pueblo venezolano, el presidente de la Rep\u00fablica, Nicol\u00e1s Maduro Moros, realiz\u00f3 la entrega de infraestructuras de salud y educaci\u00f3n universitaria, como parte del cumplimento de las pol\u00edticas que impulsa el Gobierno Bolivariano. [&hellip;]<\/p>\n","protected":false},"author":6,"featured_media":4907,"comment_status":"open","ping_status":"open","sticky":false,"template":"","format":"standard","meta":{"footnotes":""},"categories":[18,9],"tags":[30,19,27,20],"class_list":["post-4905","post","type-post","status-publish","format-standard","has-post-thumbnail","hentry","category-noticias-principales","category-galeria","tag-destacado","tag-nicolas-maduro","tag-revolucion-bolivariana","tag-venezuela"],"_links":{"self":[{"href":"https:\/\/prensapresidencialvenezuela.gob.ve\/index.php\/wp-json\/wp\/v2\/posts\/4905","targetHints":{"allow":["GET"]}}],"collection":[{"href":"https:\/\/prensapresidencialvenezuela.gob.ve\/index.php\/wp-json\/wp\/v2\/posts"}],"about":[{"href":"https:\/\/prensapresidencialvenezuela.gob.ve\/index.php\/wp-json\/wp\/v2\/types\/post"}],"author":[{"embeddable":true,"href":"https:\/\/prensapresidencialvenezuela.gob.ve\/index.php\/wp-json\/wp\/v2\/users\/6"}],"replies":[{"embeddable":true,"href":"https:\/\/prensapresidencialvenezuela.gob.ve\/index.php\/wp-json\/wp\/v2\/comments?post=4905"}],"version-history":[{"count":1,"href":"https:\/\/prensapresidencialvenezuela.gob.ve\/index.php\/wp-json\/wp\/v2\/posts\/4905\/revisions"}],"predecessor-version":[{"id":4908,"href":"https:\/\/prensapresidencialvenezuela.gob.ve\/index.php\/wp-json\/wp\/v2\/posts\/4905\/revisions\/4908"}],"wp:featuredmedia":[{"embeddable":true,"href":"https:\/\/prensapresidencialvenezuela.gob.ve\/index.php\/wp-json\/wp\/v2\/media\/4907"}],"wp:attachment":[{"href":"https:\/\/prensapresidencialvenezuela.gob.ve\/index.php\/wp-json\/wp\/v2\/media?parent=4905"}],"wp:term":[{"taxonomy":"category","embeddable":true,"href":"https:\/\/prensapresidencialvenezuela.gob.ve\/index.php\/wp-json\/wp\/v2\/categories?post=4905"},{"taxonomy":"post_tag","embeddable":true,"href":"https:\/\/prensapresidencialvenezuela.gob.ve\/index.php\/wp-json\/wp\/v2\/tags?post=4905"}],"curies":[{"name":"wp","href":"https:\/\/api.w.org\/{rel}","templated":true}]}}