{"id":4946,"date":"2023-04-13T22:05:09","date_gmt":"2023-04-13T22:05:09","guid":{"rendered":"http:\/\/172.27.0.121\/?p=4946"},"modified":"2023-04-13T22:05:09","modified_gmt":"2023-04-13T22:05:09","slug":"presidente-maduro-venezuela-no-acepta-amenazas-del-gobierno-de-estados-unidos","status":"publish","type":"post","link":"https:\/\/prensapresidencialvenezuela.gob.ve\/index.php\/2023\/04\/13\/presidente-maduro-venezuela-no-acepta-amenazas-del-gobierno-de-estados-unidos\/","title":{"rendered":"Presidente Maduro: Venezuela no acepta amenazas del gobierno de Estados Unidos"},"content":{"rendered":"\n<p><strong>Palacio de Miraflores, Caracas.- <\/strong>\u201cNo ha nacido el vocero imperialista que intimide a los venezolanos y las venezolanas en la lucha por nuestra tierra, por nuestro futuro, por la Patria Grande en la que creemos y estamos construyendo\u201d.<\/p>\n\n\n\n<p>La afirmaci\u00f3n corresponde al presidente de la Rep\u00fablica, Nicol\u00e1s Maduro, quien rechaz\u00f3 el acto de intimidaci\u00f3n de la administraci\u00f3n de Joe Biden al amenazar con la imposici\u00f3n de nuevas sanciones sino avanza el proceso de di\u00e1logo con la Plataforma Unitaria.<\/p>\n\n\n\n<p>A trav\u00e9s de un portavoz del Departamento de Estado, el gobierno de Estados Unidos se\u00f1al\u00f3 este mi\u00e9rcoles que \u201crevisar\u00e1 y ajustar\u00e1\u201d el paquete de sanciones si el Mandatario venezolano \u201cno negocia de buena fe, no cumple sus compromisos o incrementa la represi\u00f3n de activistas pol\u00edticos\u201d, rese\u00f1a <em>Europa Press<\/em>.<\/p>\n\n\n\n<p>\u201cAyer un vocero gringo sali\u00f3 a amenazar a Venezuela, sali\u00f3 a decir que si Venezuela no avanza en los di\u00e1logos pol\u00edticos con el sector de la Plataforma Unitaria, ellos tomar\u00edan represalias y sanciones contra nuestro pa\u00eds. Yo le digo al vocero gringo: Venezuela se respeta, no aceptamos amenazas del gobierno de Estados Unidos\u201d, afirm\u00f3 desde el Palacio de Miraflores, ubicado en Caracas.<\/p>\n\n\n\n<p>Enfatiz\u00f3 que \u201cVenezuela no acepta amenazas de nadie\u201d, al tiempo que puntualiz\u00f3 que, en las \u00faltimas dos d\u00e9cadas, el pueblo \u201cha dado bastantes demostraciones de valent\u00eda, dignidad, patriotismo y amor por la Patria Grande\u201d.<\/p>\n\n\n\n<p>En este sentido, el Jefe de Estado recalc\u00f3 que \u201cestamos de pie con esfuerzo propio y seguiremos avanzando con esfuerzo propio\u201d, fieles al legado emancipador y rebelde de Guaicaipuro, el Libertador Sim\u00f3n Bol\u00edvar, Antonio Jos\u00e9 de Sucre y Rafael Urdaneta.<\/p>\n\n\n\n<p>\u201cImperialismo, tr\u00e1gate tus palabras. Venezuela seguir\u00e1 su rumbo en el siglo XXI sin chantajes ni amenazas, construyendo su grandeza y democracia\u201d, subray\u00f3.<\/p>\n\n\n\n<p><strong>Prensa Presidencial \/ Karelis Gonz\u00e1lez<\/strong><\/p>\n","protected":false},"excerpt":{"rendered":"<p>Palacio de Miraflores, Caracas.- \u201cNo ha nacido el vocero imperialista que intimide a los venezolanos y las venezolanas en la lucha por nuestra tierra, por nuestro futuro, por la Patria Grande en la que creemos y estamos construyendo\u201d. La afirmaci\u00f3n corresponde al presidente de la Rep\u00fablica, Nicol\u00e1s Maduro, quien rechaz\u00f3 el acto de intimidaci\u00f3n de [&hellip;]<\/p>\n","protected":false},"author":6,"featured_media":4947,"comment_status":"open","ping_status":"open","sticky":false,"template":"","format":"standard","meta":{"footnotes":""},"categories":[18,7],"tags":[30,19,27,20],"class_list":["post-4946","post","type-post","status-publish","format-standard","has-post-thumbnail","hentry","category-noticias-principales","category-notas-de-prensa","tag-destacado","tag-nicolas-maduro","tag-revolucion-bolivariana","tag-venezuela"],"_links":{"self":[{"href":"https:\/\/prensapresidencialvenezuela.gob.ve\/index.php\/wp-json\/wp\/v2\/posts\/4946","targetHints":{"allow":["GET"]}}],"collection":[{"href":"https:\/\/prensapresidencialvenezuela.gob.ve\/index.php\/wp-json\/wp\/v2\/posts"}],"about":[{"href":"https:\/\/prensapresidencialvenezuela.gob.ve\/index.php\/wp-json\/wp\/v2\/types\/post"}],"author":[{"embeddable":true,"href":"https:\/\/prensapresidencialvenezuela.gob.ve\/index.php\/wp-json\/wp\/v2\/users\/6"}],"replies":[{"embeddable":true,"href":"https:\/\/prensapresidencialvenezuela.gob.ve\/index.php\/wp-json\/wp\/v2\/comments?post=4946"}],"version-history":[{"count":1,"href":"https:\/\/prensapresidencialvenezuela.gob.ve\/index.php\/wp-json\/wp\/v2\/posts\/4946\/revisions"}],"predecessor-version":[{"id":4948,"href":"https:\/\/prensapresidencialvenezuela.gob.ve\/index.php\/wp-json\/wp\/v2\/posts\/4946\/revisions\/4948"}],"wp:featuredmedia":[{"embeddable":true,"href":"https:\/\/prensapresidencialvenezuela.gob.ve\/index.php\/wp-json\/wp\/v2\/media\/4947"}],"wp:attachment":[{"href":"https:\/\/prensapresidencialvenezuela.gob.ve\/index.php\/wp-json\/wp\/v2\/media?parent=4946"}],"wp:term":[{"taxonomy":"category","embeddable":true,"href":"https:\/\/prensapresidencialvenezuela.gob.ve\/index.php\/wp-json\/wp\/v2\/categories?post=4946"},{"taxonomy":"post_tag","embeddable":true,"href":"https:\/\/prensapresidencialvenezuela.gob.ve\/index.php\/wp-json\/wp\/v2\/tags?post=4946"}],"curies":[{"name":"wp","href":"https:\/\/api.w.org\/{rel}","templated":true}]}}