{"id":4949,"date":"2023-04-18T17:40:50","date_gmt":"2023-04-18T17:40:50","guid":{"rendered":"http:\/\/172.27.0.121\/?p=4949"},"modified":"2023-04-18T17:40:50","modified_gmt":"2023-04-18T17:40:50","slug":"maduro-habra-justicia-y-castigo-para-quienes-han-robado-al-pueblo","status":"publish","type":"post","link":"https:\/\/prensapresidencialvenezuela.gob.ve\/index.php\/2023\/04\/18\/maduro-habra-justicia-y-castigo-para-quienes-han-robado-al-pueblo\/","title":{"rendered":"Maduro: Habr\u00e1 justicia y castigo para quienes han robado al pueblo"},"content":{"rendered":"\n<p><strong>Palacio de Miraflores, Caracas.- <\/strong>Al recalcar que \u201cno habr\u00e1 complicidad\u201d, el presidente de la Rep\u00fablica, Nicol\u00e1s Maduro, asever\u00f3 que ser\u00e1n castigados por la justicia quienes \u201chan robado las riquezas del pueblo\u201d.<\/p>\n\n\n\n<p>\u201cTiene que haber justicia y mano dura caiga quien caiga contra todas las mafias. No va haber complicidad, se lo juro al pueblo de Venezuela. Aqu\u00ed va haber toda la verdad, toda la justicia y todo el castigo a los que han robado al pueblo\u201d, enfatiz\u00f3 desde el Palacio de Miraflores, ubicado en Caracas.<\/p>\n\n\n\n<p>Evocando el esp\u00edritu patriota de la uni\u00f3n c\u00edvico-militar expresada el 13 y 14 de abril de 2002, el jefe de Estado convoc\u00f3 al pueblo a elevar la moral, \u00e9tica y espiritualidad para contrarrestar los vicios de la corrupci\u00f3n, la burocracia y los grup\u00fasculos que traicionan a los venezolanos.<\/p>\n\n\n\n<p>\u201cSi fuimos capaces del milagro de un 13 de abril frente a un golpe de Estado, llamo al pueblo a un nuevo 13 de abril contra la corrupci\u00f3n, la burocracia y las mafias. Un 13 de abril moral, \u00e9tico, espiritual; un 13 de abril que nos eleve por encima de las dificultades, de las traiciones, de los inmorales\u201d, puntualiz\u00f3.<\/p>\n\n\n\n<p>Destac\u00f3 que, tal como el 13 de abril de 2002, de la mano del binomio c\u00edvico-militar \u201cvamos a poder encaminar con moral y luces los caminos de la prosperidad, del bienestar y de la felicidad de este pueblo. Lo lograremos con la uni\u00f3n del pueblo\u201d.<\/p>\n\n\n\n<p><strong>Desenmascarar a corruptos y golpistas<\/strong><\/p>\n\n\n\n<p>Ante la movilizaci\u00f3n popular denominada \u201cAbril, del glorioso insurgir c\u00edvico-militar\u201d, el Dignatario exhort\u00f3 al pueblo a \u201cdesenmascarar a los corruptos, a los bandidos, a los golpistas donde se presenten, donde est\u00e9n\u201d.<\/p>\n\n\n\n<p>En el contexto de la lucha por la moral y la \u00e9tica, subray\u00f3 que debemos prepararnos para \u201cseguir derrotando a\u00f1o tras a\u00f1o, uno por uno, a todos en su conjunto y prepararnos para una victoria permanente\u201d.<\/p>\n\n\n\n<p><strong>Prensa Presidencial \/ Karelis Gonz\u00e1lez<\/strong><\/p>\n","protected":false},"excerpt":{"rendered":"<p>Palacio de Miraflores, Caracas.- Al recalcar que \u201cno habr\u00e1 complicidad\u201d, el presidente de la Rep\u00fablica, Nicol\u00e1s Maduro, asever\u00f3 que ser\u00e1n castigados por la justicia quienes \u201chan robado las riquezas del pueblo\u201d. \u201cTiene que haber justicia y mano dura caiga quien caiga contra todas las mafias. No va haber complicidad, se lo juro al pueblo de [&hellip;]<\/p>\n","protected":false},"author":6,"featured_media":4950,"comment_status":"open","ping_status":"open","sticky":false,"template":"","format":"standard","meta":{"footnotes":""},"categories":[18,7],"tags":[30,19,27,20],"class_list":["post-4949","post","type-post","status-publish","format-standard","has-post-thumbnail","hentry","category-noticias-principales","category-notas-de-prensa","tag-destacado","tag-nicolas-maduro","tag-revolucion-bolivariana","tag-venezuela"],"_links":{"self":[{"href":"https:\/\/prensapresidencialvenezuela.gob.ve\/index.php\/wp-json\/wp\/v2\/posts\/4949","targetHints":{"allow":["GET"]}}],"collection":[{"href":"https:\/\/prensapresidencialvenezuela.gob.ve\/index.php\/wp-json\/wp\/v2\/posts"}],"about":[{"href":"https:\/\/prensapresidencialvenezuela.gob.ve\/index.php\/wp-json\/wp\/v2\/types\/post"}],"author":[{"embeddable":true,"href":"https:\/\/prensapresidencialvenezuela.gob.ve\/index.php\/wp-json\/wp\/v2\/users\/6"}],"replies":[{"embeddable":true,"href":"https:\/\/prensapresidencialvenezuela.gob.ve\/index.php\/wp-json\/wp\/v2\/comments?post=4949"}],"version-history":[{"count":1,"href":"https:\/\/prensapresidencialvenezuela.gob.ve\/index.php\/wp-json\/wp\/v2\/posts\/4949\/revisions"}],"predecessor-version":[{"id":4951,"href":"https:\/\/prensapresidencialvenezuela.gob.ve\/index.php\/wp-json\/wp\/v2\/posts\/4949\/revisions\/4951"}],"wp:featuredmedia":[{"embeddable":true,"href":"https:\/\/prensapresidencialvenezuela.gob.ve\/index.php\/wp-json\/wp\/v2\/media\/4950"}],"wp:attachment":[{"href":"https:\/\/prensapresidencialvenezuela.gob.ve\/index.php\/wp-json\/wp\/v2\/media?parent=4949"}],"wp:term":[{"taxonomy":"category","embeddable":true,"href":"https:\/\/prensapresidencialvenezuela.gob.ve\/index.php\/wp-json\/wp\/v2\/categories?post=4949"},{"taxonomy":"post_tag","embeddable":true,"href":"https:\/\/prensapresidencialvenezuela.gob.ve\/index.php\/wp-json\/wp\/v2\/tags?post=4949"}],"curies":[{"name":"wp","href":"https:\/\/api.w.org\/{rel}","templated":true}]}}