{"id":4977,"date":"2023-04-20T23:42:22","date_gmt":"2023-04-20T23:42:22","guid":{"rendered":"http:\/\/172.27.0.121\/?p=4977"},"modified":"2023-04-20T23:42:22","modified_gmt":"2023-04-20T23:42:22","slug":"acuerdos-entre-bolivia-y-venezuela-deben-ser-prioridad-en-las-agendas-de-trabajo","status":"publish","type":"post","link":"https:\/\/prensapresidencialvenezuela.gob.ve\/index.php\/2023\/04\/20\/acuerdos-entre-bolivia-y-venezuela-deben-ser-prioridad-en-las-agendas-de-trabajo\/","title":{"rendered":"Acuerdos entre Bolivia y Venezuela deben ser prioridad en las agendas de trabajo"},"content":{"rendered":"\n<p><strong>Palacio de Miraflores, Caracas.- <\/strong>En aras de garantizar el cumplimiento de los acuerdos suscritos entre Caracas y La Paz, el presidente de la Rep\u00fablica, Nicol\u00e1s Maduro, instruy\u00f3 incluir en la agenda de prioridades las tem\u00e1ticas definidas por la III Comisi\u00f3n de Integraci\u00f3n Bolivia \u2013 Venezuela.<\/p>\n\n\n\n<p>Desde el Palacio de Miraflores, ubicado en Caracas, enfatiz\u00f3 que los 13 convenios de cooperaci\u00f3n estrat\u00e9gica \u201cdeben ser celosamente cuidados y trabajados por parte de nuestros gobiernos\u201d para que tributen al desarrollo conjunto.<\/p>\n\n\n\n<p>\u201cAgregar los temas que aqu\u00ed hemos firmado a la agenda de prioridades de cada ministro, de cada ministra, de cada empresa que acaba de firmar\u201d, asever\u00f3.<\/p>\n\n\n\n<p>En alusi\u00f3n al fortalecimiento de alianzas bilaterales en materia petrolera, gas\u00edfera, educativa, cultural, conexi\u00f3n a\u00e9rea y miner\u00eda, el jefe de Estado se\u00f1al\u00f3 que constituyen \u201cun paso certero para retomar el camino de la construcci\u00f3n de una poderosa relaci\u00f3n integral entre nuestros gobiernos, nuestros pa\u00edses y nuestros pueblos\u201d.<\/p>\n\n\n\n<p><strong>Reconocimiento a la dignidad de Bolivia<\/strong><\/p>\n\n\n\n<p>Con las palabras \u201cno tengo duda que la victoria est\u00e1 de nuestra parte\u201d, el mandatario otorg\u00f3 la r\u00e9plica de la espada de Carabobo a su hom\u00f3logo del Estado Plurinacional de Bolivia, Luis Arce, en el contexto de su visita oficial a Venezuela.<\/p>\n\n\n\n<p>\u201cEsa espada que le he entregado es para que se lleve la fuerza rebelde, de dignidad revolucionaria de nuestro Libertador para las batallas que le toca dar por la felicidad del pueblo de Bolivia. Vaya usted con esa fuerza -presidente Luis Arce-, la fuerza original del libertador Sim\u00f3n Bol\u00edvar para las batallas que usted va a dar, por las victorias que va a conquistar\u201d, recalc\u00f3.<\/p>\n\n\n\n<p><strong>Prensa Presidencial \/ Karelis Gonz\u00e1lez<\/strong><\/p>\n","protected":false},"excerpt":{"rendered":"<p>Palacio de Miraflores, Caracas.- En aras de garantizar el cumplimiento de los acuerdos suscritos entre Caracas y La Paz, el presidente de la Rep\u00fablica, Nicol\u00e1s Maduro, instruy\u00f3 incluir en la agenda de prioridades las tem\u00e1ticas definidas por la III Comisi\u00f3n de Integraci\u00f3n Bolivia \u2013 Venezuela. Desde el Palacio de Miraflores, ubicado en Caracas, enfatiz\u00f3 que [&hellip;]<\/p>\n","protected":false},"author":6,"featured_media":4978,"comment_status":"open","ping_status":"open","sticky":false,"template":"","format":"standard","meta":{"footnotes":""},"categories":[18,7],"tags":[97,30,38,19,27,20],"class_list":["post-4977","post","type-post","status-publish","format-standard","has-post-thumbnail","hentry","category-noticias-principales","category-notas-de-prensa","tag-bolivia","tag-destacado","tag-diplomacia-bolivariana-de-paz","tag-nicolas-maduro","tag-revolucion-bolivariana","tag-venezuela"],"_links":{"self":[{"href":"https:\/\/prensapresidencialvenezuela.gob.ve\/index.php\/wp-json\/wp\/v2\/posts\/4977","targetHints":{"allow":["GET"]}}],"collection":[{"href":"https:\/\/prensapresidencialvenezuela.gob.ve\/index.php\/wp-json\/wp\/v2\/posts"}],"about":[{"href":"https:\/\/prensapresidencialvenezuela.gob.ve\/index.php\/wp-json\/wp\/v2\/types\/post"}],"author":[{"embeddable":true,"href":"https:\/\/prensapresidencialvenezuela.gob.ve\/index.php\/wp-json\/wp\/v2\/users\/6"}],"replies":[{"embeddable":true,"href":"https:\/\/prensapresidencialvenezuela.gob.ve\/index.php\/wp-json\/wp\/v2\/comments?post=4977"}],"version-history":[{"count":1,"href":"https:\/\/prensapresidencialvenezuela.gob.ve\/index.php\/wp-json\/wp\/v2\/posts\/4977\/revisions"}],"predecessor-version":[{"id":4979,"href":"https:\/\/prensapresidencialvenezuela.gob.ve\/index.php\/wp-json\/wp\/v2\/posts\/4977\/revisions\/4979"}],"wp:featuredmedia":[{"embeddable":true,"href":"https:\/\/prensapresidencialvenezuela.gob.ve\/index.php\/wp-json\/wp\/v2\/media\/4978"}],"wp:attachment":[{"href":"https:\/\/prensapresidencialvenezuela.gob.ve\/index.php\/wp-json\/wp\/v2\/media?parent=4977"}],"wp:term":[{"taxonomy":"category","embeddable":true,"href":"https:\/\/prensapresidencialvenezuela.gob.ve\/index.php\/wp-json\/wp\/v2\/categories?post=4977"},{"taxonomy":"post_tag","embeddable":true,"href":"https:\/\/prensapresidencialvenezuela.gob.ve\/index.php\/wp-json\/wp\/v2\/tags?post=4977"}],"curies":[{"name":"wp","href":"https:\/\/api.w.org\/{rel}","templated":true}]}}