{"id":4995,"date":"2023-04-24T22:26:28","date_gmt":"2023-04-24T22:26:28","guid":{"rendered":"http:\/\/172.27.0.121\/?p=4995"},"modified":"2023-04-24T22:26:28","modified_gmt":"2023-04-24T22:26:28","slug":"cartera-crediticia-crecio-376-en-el-primer-trimestre-de-2023","status":"publish","type":"post","link":"https:\/\/prensapresidencialvenezuela.gob.ve\/index.php\/2023\/04\/24\/cartera-crediticia-crecio-376-en-el-primer-trimestre-de-2023\/","title":{"rendered":"Cartera crediticia creci\u00f3 376% en el primer trimestre de 2023"},"content":{"rendered":"\n<p><strong>Palacio de Miraflores, Caracas.- <\/strong>El presidente de la Rep\u00fablica Bolivariana de Venezuela, Nicol\u00e1s Maduro, inform\u00f3 que la cartera crediticia del pa\u00eds creci\u00f3 376% durante los primeros meses del a\u00f1o 2023.<\/p>\n\n\n\n<p>El Jefe de Estado destac\u00f3 que los datos responden al incremento de la producci\u00f3n nacional, tanto en \u201cla industria, agroindustria, la producci\u00f3n de alimentos, turismo\u201d.<\/p>\n\n\n\n<p>En esta l\u00ednea, instruy\u00f3 fortalecer la Agenda Econ\u00f3mica Bolivariana para satisfacer las demandas de la poblaci\u00f3n con vocaci\u00f3n productiva.<\/p>\n\n\n\n<p>\u201cEn medio de las sanciones, da la agresi\u00f3n internacional, del bloqueo Venezuela tiene que salir adelante con su esfuerzo con su trabajo, construyendo la patria de todos\u201d, agreg\u00f3.<\/p>\n\n\n\n<p>La informaci\u00f3n fue ofrecida durante la emisi\u00f3n del segundo programa Con Maduro M\u00e1s, transmitido desde el Palacio de Miraflores en Caracas.<\/p>\n\n\n\n<p><strong>Prensa Presidencial \/ Eduardo Hueck<\/strong><\/p>\n","protected":false},"excerpt":{"rendered":"<p>Palacio de Miraflores, Caracas.- El presidente de la Rep\u00fablica Bolivariana de Venezuela, Nicol\u00e1s Maduro, inform\u00f3 que la cartera crediticia del pa\u00eds creci\u00f3 376% durante los primeros meses del a\u00f1o 2023. El Jefe de Estado destac\u00f3 que los datos responden al incremento de la producci\u00f3n nacional, tanto en \u201cla industria, agroindustria, la producci\u00f3n de alimentos, turismo\u201d. [&hellip;]<\/p>\n","protected":false},"author":6,"featured_media":4996,"comment_status":"open","ping_status":"open","sticky":false,"template":"","format":"standard","meta":{"footnotes":""},"categories":[18,7],"tags":[30,19,27,20],"class_list":["post-4995","post","type-post","status-publish","format-standard","has-post-thumbnail","hentry","category-noticias-principales","category-notas-de-prensa","tag-destacado","tag-nicolas-maduro","tag-revolucion-bolivariana","tag-venezuela"],"_links":{"self":[{"href":"https:\/\/prensapresidencialvenezuela.gob.ve\/index.php\/wp-json\/wp\/v2\/posts\/4995","targetHints":{"allow":["GET"]}}],"collection":[{"href":"https:\/\/prensapresidencialvenezuela.gob.ve\/index.php\/wp-json\/wp\/v2\/posts"}],"about":[{"href":"https:\/\/prensapresidencialvenezuela.gob.ve\/index.php\/wp-json\/wp\/v2\/types\/post"}],"author":[{"embeddable":true,"href":"https:\/\/prensapresidencialvenezuela.gob.ve\/index.php\/wp-json\/wp\/v2\/users\/6"}],"replies":[{"embeddable":true,"href":"https:\/\/prensapresidencialvenezuela.gob.ve\/index.php\/wp-json\/wp\/v2\/comments?post=4995"}],"version-history":[{"count":1,"href":"https:\/\/prensapresidencialvenezuela.gob.ve\/index.php\/wp-json\/wp\/v2\/posts\/4995\/revisions"}],"predecessor-version":[{"id":4997,"href":"https:\/\/prensapresidencialvenezuela.gob.ve\/index.php\/wp-json\/wp\/v2\/posts\/4995\/revisions\/4997"}],"wp:featuredmedia":[{"embeddable":true,"href":"https:\/\/prensapresidencialvenezuela.gob.ve\/index.php\/wp-json\/wp\/v2\/media\/4996"}],"wp:attachment":[{"href":"https:\/\/prensapresidencialvenezuela.gob.ve\/index.php\/wp-json\/wp\/v2\/media?parent=4995"}],"wp:term":[{"taxonomy":"category","embeddable":true,"href":"https:\/\/prensapresidencialvenezuela.gob.ve\/index.php\/wp-json\/wp\/v2\/categories?post=4995"},{"taxonomy":"post_tag","embeddable":true,"href":"https:\/\/prensapresidencialvenezuela.gob.ve\/index.php\/wp-json\/wp\/v2\/tags?post=4995"}],"curies":[{"name":"wp","href":"https:\/\/api.w.org\/{rel}","templated":true}]}}