{"id":4998,"date":"2023-04-24T22:40:45","date_gmt":"2023-04-24T22:40:45","guid":{"rendered":"http:\/\/172.27.0.121\/?p=4998"},"modified":"2023-04-24T22:40:45","modified_gmt":"2023-04-24T22:40:45","slug":"gobierno-venezolano-ordena-evacuar-personal-diplomatico-destacado-en-sudan","status":"publish","type":"post","link":"https:\/\/prensapresidencialvenezuela.gob.ve\/index.php\/2023\/04\/24\/gobierno-venezolano-ordena-evacuar-personal-diplomatico-destacado-en-sudan\/","title":{"rendered":"Gobierno venezolano ordena evacuar personal diplom\u00e1tico destacado en Sud\u00e1n"},"content":{"rendered":"\n<p><strong>Palacio de Miraflores, Caracas.-<\/strong> El presidente de la Rep\u00fablica Bolivariana de Venezuela, Nicol\u00e1s Maduro Moros, inform\u00f3 este lunes que ha ordenado la evacuaci\u00f3n de todo el personal diplom\u00e1tico destacado en Sud\u00e1n.<\/p>\n\n\n\n<p>\u201cVenezuela lamenta la violencia que est\u00e1 golpeando al pueblo de Sud\u00e1n, un pueblo hermano, un pueblo africano. Nosotros tuvimos que dar la orden para evacuar al Embajador y todo el personal diplom\u00e1tico\u201d, manifest\u00f3 el Jefe de Estado.<\/p>\n\n\n\n<p>Durante su programa \u201cCon Maduro +\u201d el Mandatario lament\u00f3 que se haya desatado la violencia en ese pa\u00eds hermano e \u201chizo un llamado desde la Venezuela Bolivariana, desde nuestra Patria, a los sectores y bandos en conflicto armado en Sud\u00e1n a deponer la violencia, a que cese el enfrentamiento y a buscar con amor patrio acuerdos de paz, entendimiento y superaci\u00f3n de los conflictos a trav\u00e9s del di\u00e1logo\u201d.<\/p>\n\n\n\n<p>En esa l\u00ednea, el presidente Maduro llam\u00f3 al pueblo de Sud\u00e1n a no permitir injerencia de ning\u00fan tipo en su territorio. \u201cNo dejen que nadie meta las manos dentro de Sud\u00e1n, no dejen que su pa\u00eds se les vaya de las manos, no dejen que se destruya un pa\u00eds tan hermoso y adem\u00e1s tan importante para \u00c1frica\u201d.<\/p>\n\n\n\n<p>Agreg\u00f3 el Dignatario que \u00c1frica debe buscar el camino de la paz y el desarrollo, al tiempo que ratific\u00f3 que Venezuela es un hermano de Sud\u00e1n que aboga por acuerdos de entendimiento.<\/p>\n\n\n\n<p><strong>Prensa Presidencial\/Bianca Borrero&nbsp;<\/strong><\/p>\n","protected":false},"excerpt":{"rendered":"<p>Palacio de Miraflores, Caracas.- El presidente de la Rep\u00fablica Bolivariana de Venezuela, Nicol\u00e1s Maduro Moros, inform\u00f3 este lunes que ha ordenado la evacuaci\u00f3n de todo el personal diplom\u00e1tico destacado en Sud\u00e1n. \u201cVenezuela lamenta la violencia que est\u00e1 golpeando al pueblo de Sud\u00e1n, un pueblo hermano, un pueblo africano. Nosotros tuvimos que dar la orden para [&hellip;]<\/p>\n","protected":false},"author":6,"featured_media":4999,"comment_status":"open","ping_status":"open","sticky":false,"template":"","format":"standard","meta":{"footnotes":""},"categories":[18,7],"tags":[30,19,27,20],"class_list":["post-4998","post","type-post","status-publish","format-standard","has-post-thumbnail","hentry","category-noticias-principales","category-notas-de-prensa","tag-destacado","tag-nicolas-maduro","tag-revolucion-bolivariana","tag-venezuela"],"_links":{"self":[{"href":"https:\/\/prensapresidencialvenezuela.gob.ve\/index.php\/wp-json\/wp\/v2\/posts\/4998","targetHints":{"allow":["GET"]}}],"collection":[{"href":"https:\/\/prensapresidencialvenezuela.gob.ve\/index.php\/wp-json\/wp\/v2\/posts"}],"about":[{"href":"https:\/\/prensapresidencialvenezuela.gob.ve\/index.php\/wp-json\/wp\/v2\/types\/post"}],"author":[{"embeddable":true,"href":"https:\/\/prensapresidencialvenezuela.gob.ve\/index.php\/wp-json\/wp\/v2\/users\/6"}],"replies":[{"embeddable":true,"href":"https:\/\/prensapresidencialvenezuela.gob.ve\/index.php\/wp-json\/wp\/v2\/comments?post=4998"}],"version-history":[{"count":1,"href":"https:\/\/prensapresidencialvenezuela.gob.ve\/index.php\/wp-json\/wp\/v2\/posts\/4998\/revisions"}],"predecessor-version":[{"id":5000,"href":"https:\/\/prensapresidencialvenezuela.gob.ve\/index.php\/wp-json\/wp\/v2\/posts\/4998\/revisions\/5000"}],"wp:featuredmedia":[{"embeddable":true,"href":"https:\/\/prensapresidencialvenezuela.gob.ve\/index.php\/wp-json\/wp\/v2\/media\/4999"}],"wp:attachment":[{"href":"https:\/\/prensapresidencialvenezuela.gob.ve\/index.php\/wp-json\/wp\/v2\/media?parent=4998"}],"wp:term":[{"taxonomy":"category","embeddable":true,"href":"https:\/\/prensapresidencialvenezuela.gob.ve\/index.php\/wp-json\/wp\/v2\/categories?post=4998"},{"taxonomy":"post_tag","embeddable":true,"href":"https:\/\/prensapresidencialvenezuela.gob.ve\/index.php\/wp-json\/wp\/v2\/tags?post=4998"}],"curies":[{"name":"wp","href":"https:\/\/api.w.org\/{rel}","templated":true}]}}