{"id":5008,"date":"2023-04-24T23:17:06","date_gmt":"2023-04-24T23:17:06","guid":{"rendered":"http:\/\/172.27.0.121\/?p=5008"},"modified":"2023-04-24T23:17:06","modified_gmt":"2023-04-24T23:17:06","slug":"gobierno-venezolano-aspira-levantamiento-de-todas-las-sanciones-tras-conferencia-de-bogota","status":"publish","type":"post","link":"https:\/\/prensapresidencialvenezuela.gob.ve\/index.php\/2023\/04\/24\/gobierno-venezolano-aspira-levantamiento-de-todas-las-sanciones-tras-conferencia-de-bogota\/","title":{"rendered":"Gobierno venezolano aspira levantamiento de todas las sanciones tras conferencia de Bogot\u00e1"},"content":{"rendered":"\n<p><strong>Palacio de Miraflores, Caracas. \u2013 <\/strong>Dela Conferencia Internacional Sobre el Proceso Pol\u00edtico en Venezuela, el Gobierno Bolivariano aspira el levantamiento de todas las sanciones, \u201cpara que Venezuela tenga la libertad comercial, financiera y econ\u00f3mica\u201d, enfatiz\u00f3 el presidente de la Rep\u00fablica Bolivariana de Venezuela, Nicol\u00e1s Maduro.<\/p>\n\n\n\n<p>En la segunda edici\u00f3n del programa \u201cCon Maduro +\u201d se\u00f1al\u00f3 tajante que este paso permitir\u00e1 una actividad normal a escala nacional, \u201cpara poder recuperar todo lo que hay que recuperar en lo econ\u00f3mico, productivo y social, para que se acabe el chantaje, la coerci\u00f3n, coacci\u00f3n, la agresi\u00f3n permanente sobre nuestra vida social. El levantamiento de todas las sanciones sobre Venezuela. \u00a1No aceptamos menos!\u201d.<\/p>\n\n\n\n<p>Al destacar que la cita internacional, que aglutina este martes <a><\/a>a veinte naciones, es para el respeto, la soberan\u00eda, la independencia y la autodeterminaci\u00f3n de la Rep\u00fablica Bolivariana de Venezuela y del pueblo venezolano, se\u00f1al\u00f3 que no se debe poner en duda que es \u201cuna conferencia para buscar el levantamiento de todas las sanciones, sin condicionamiento de ning\u00fan tipo sobre Venezuela\u201d.<\/p>\n\n\n\n<p><strong>Retorno de recursos<\/strong><\/p>\n\n\n\n<p>En esta l\u00ednea, a los representantes de la veintena de pa\u00edses que se reunir\u00e1 en pocas horas, el Mandatario venezolano refiri\u00f3 que si alguno aspira que las negociaciones pol\u00edticas entre el sector minoritario de la oposici\u00f3n y el gobierno bolivariano vuelvan a M\u00e9xico, \u201csolamente tienen que hacer algo: En el comunicado oficial que ustedes aprueben, pongan la exigencia de que el gobierno de Estado Unidos de Norteam\u00e9rica deposite los 3.200 millones de d\u00f3lares secuestrados en las cuentas bancarias que hay en el exterior para el plan social firmado en M\u00e9xico el pasado mes de noviembre\u201d.<\/p>\n\n\n\n<p>\u201cSencillito, una vez que depositen, vamos a M\u00e9xico otra vez, requisito sin equa non, si no hay cumplimiento del Acuerdo de M\u00e9xico, olv\u00eddense de ese camino, olv\u00eddense. Estamos hablando de justicia\u201d, asever\u00f3 el Jefe de Estado.<\/p>\n\n\n\n<p><strong>El Di\u00e1logo como bandera<\/strong><\/p>\n\n\n\n<p>El Dignatario nacional ratific\u00f3 que el gobierno venezolano tiene como bandera el di\u00e1logo. \u201cNosotros queremos acuerdos, queremos que la Conferencia Internacional de Bogot\u00e1 sea todo un \u00e9xito para el presidente Gustavo Petro, para Venezuela, para Am\u00e9rica Latina, para el Caribe (\u2026) Estamos comprometidos a hacer todo lo que haya que hacer para que la conferencia sea un \u00e9xito para la paz, la soberan\u00eda de Venezuela y la paz y soberan\u00eda de Am\u00e9rica Latina y el Caribe\u201d<\/p>\n\n\n\n<p>Adem\u00e1s, reiter\u00f3 que el Ejecutivo se mantiene en expectativa positiva ante esta Conferencia Internacional que propuso el presidente de Colombia, Gustavo Petro, una reuni\u00f3n que \u201ces una jugada riesgosa, pero consideramos que pod\u00eda hacerse, y la hemos apoyado\u201d, y \u201cnosotros hemos propuesto el di\u00e1logo respetuoso, primero el di\u00e1logo nacional\u201d.<\/p>\n\n\n\n<p><strong>Prensa Presidencial \/ Ana\u00eds P\u00e9rez<\/strong><\/p>\n","protected":false},"excerpt":{"rendered":"<p>Palacio de Miraflores, Caracas. \u2013 Dela Conferencia Internacional Sobre el Proceso Pol\u00edtico en Venezuela, el Gobierno Bolivariano aspira el levantamiento de todas las sanciones, \u201cpara que Venezuela tenga la libertad comercial, financiera y econ\u00f3mica\u201d, enfatiz\u00f3 el presidente de la Rep\u00fablica Bolivariana de Venezuela, Nicol\u00e1s Maduro. En la segunda edici\u00f3n del programa \u201cCon Maduro +\u201d se\u00f1al\u00f3 [&hellip;]<\/p>\n","protected":false},"author":6,"featured_media":5009,"comment_status":"open","ping_status":"open","sticky":false,"template":"","format":"standard","meta":{"footnotes":""},"categories":[18,7],"tags":[30,19,27,20],"class_list":["post-5008","post","type-post","status-publish","format-standard","has-post-thumbnail","hentry","category-noticias-principales","category-notas-de-prensa","tag-destacado","tag-nicolas-maduro","tag-revolucion-bolivariana","tag-venezuela"],"_links":{"self":[{"href":"https:\/\/prensapresidencialvenezuela.gob.ve\/index.php\/wp-json\/wp\/v2\/posts\/5008","targetHints":{"allow":["GET"]}}],"collection":[{"href":"https:\/\/prensapresidencialvenezuela.gob.ve\/index.php\/wp-json\/wp\/v2\/posts"}],"about":[{"href":"https:\/\/prensapresidencialvenezuela.gob.ve\/index.php\/wp-json\/wp\/v2\/types\/post"}],"author":[{"embeddable":true,"href":"https:\/\/prensapresidencialvenezuela.gob.ve\/index.php\/wp-json\/wp\/v2\/users\/6"}],"replies":[{"embeddable":true,"href":"https:\/\/prensapresidencialvenezuela.gob.ve\/index.php\/wp-json\/wp\/v2\/comments?post=5008"}],"version-history":[{"count":1,"href":"https:\/\/prensapresidencialvenezuela.gob.ve\/index.php\/wp-json\/wp\/v2\/posts\/5008\/revisions"}],"predecessor-version":[{"id":5010,"href":"https:\/\/prensapresidencialvenezuela.gob.ve\/index.php\/wp-json\/wp\/v2\/posts\/5008\/revisions\/5010"}],"wp:featuredmedia":[{"embeddable":true,"href":"https:\/\/prensapresidencialvenezuela.gob.ve\/index.php\/wp-json\/wp\/v2\/media\/5009"}],"wp:attachment":[{"href":"https:\/\/prensapresidencialvenezuela.gob.ve\/index.php\/wp-json\/wp\/v2\/media?parent=5008"}],"wp:term":[{"taxonomy":"category","embeddable":true,"href":"https:\/\/prensapresidencialvenezuela.gob.ve\/index.php\/wp-json\/wp\/v2\/categories?post=5008"},{"taxonomy":"post_tag","embeddable":true,"href":"https:\/\/prensapresidencialvenezuela.gob.ve\/index.php\/wp-json\/wp\/v2\/tags?post=5008"}],"curies":[{"name":"wp","href":"https:\/\/api.w.org\/{rel}","templated":true}]}}