{"id":5022,"date":"2023-04-25T00:45:47","date_gmt":"2023-04-25T00:45:47","guid":{"rendered":"http:\/\/172.27.0.121\/?p=5022"},"modified":"2023-05-01T19:22:01","modified_gmt":"2023-05-01T19:22:01","slug":"5022","status":"publish","type":"post","link":"https:\/\/prensapresidencialvenezuela.gob.ve\/index.php\/2023\/04\/25\/5022\/","title":{"rendered":"Aprobada Ley para la Atenci\u00f3n Integral a las Personas con Trastornos del Espectro Autista"},"content":{"rendered":"\n<p><strong>Palacio de Miraflores, Caracas.- <\/strong>Con su r\u00fabrica, el presidente de la Rep\u00fablica Bolivariana de Venezuela, Nicol\u00e1s Maduro Moros, aprob\u00f3 la Ley para la Atenci\u00f3n Integral a las Personas con Trastornos del Espectro Autistas (TEA).<\/p>\n\n\n\n<p>\u201cA nombre de ustedes, madre, padre, t\u00edo, t\u00edo abuelo o abuela, a nombre de ustedes ni\u00f1os, ni\u00f1as y j\u00f3venes por la autoridad que me da la constituci\u00f3n y la ley como jefe de Estado, jefe de gobierno, presidente constitucional firm\u00f3 el ejec\u00fatese de esta ley tan importante\u201d, destac\u00f3 Maduro, al firmar la Ley.<\/p>\n\n\n\n<p>Esta informaci\u00f3n que fue destacada durante la segunda emisi\u00f3n del programa \u201cCon Maduro +\u201d, tambi\u00e9n se detall\u00f3 que \u201cm\u00e1s de 40 mil personas se sumaron a la consulta nacional y fueron m\u00e1s de 4 mil propuestas para esta ley\u201d detall\u00f3 la diputada a la Asamblea Nacional, Carmen Yurami Quintero.<\/p>\n\n\n\n<p>\u201cM\u00e1s de 4 mil propuestas en una ley tan hermosa, vale la pena dedicarle la vida entera a la causa m\u00e1s hermosa que puede haber: la causa de la Revoluci\u00f3n Bolivariana, de la Patria, la justicia, la humanidad, la igualdad, de la dignidad\u201d, refiri\u00f3 el presidente, al ver como se trabaj\u00f3 de la mano con el pueblo para la conformaci\u00f3n de la ley.<\/p>\n\n\n\n<p>En contexto, La ley fue elaborada por las comisiones permanentes de Desarrollo Social Integral y la de Educaci\u00f3n, Salud, Ciencia, Tecnolog\u00eda e Innovaci\u00f3n. Comprende 15 art\u00edculos y una disposici\u00f3n final, y tiene como finalidad garantizar y promover el diagn\u00f3stico integral temprano y oportuno de las personas con TEA.<\/p>\n\n\n\n<p><strong>Prensa Presidencial \/ Eduardo Hueck<\/strong><\/p>\n","protected":false},"excerpt":{"rendered":"<p>Palacio de Miraflores, Caracas.- Con su r\u00fabrica, el presidente de la Rep\u00fablica Bolivariana de Venezuela, Nicol\u00e1s Maduro Moros, aprob\u00f3 la Ley para la Atenci\u00f3n Integral a las Personas con Trastornos del Espectro Autistas (TEA). \u201cA nombre de ustedes, madre, padre, t\u00edo, t\u00edo abuelo o abuela, a nombre de ustedes ni\u00f1os, ni\u00f1as y j\u00f3venes por la [&hellip;]<\/p>\n","protected":false},"author":6,"featured_media":5023,"comment_status":"open","ping_status":"open","sticky":false,"template":"","format":"standard","meta":{"footnotes":""},"categories":[18,7],"tags":[30,19,27,20],"class_list":["post-5022","post","type-post","status-publish","format-standard","has-post-thumbnail","hentry","category-noticias-principales","category-notas-de-prensa","tag-destacado","tag-nicolas-maduro","tag-revolucion-bolivariana","tag-venezuela"],"_links":{"self":[{"href":"https:\/\/prensapresidencialvenezuela.gob.ve\/index.php\/wp-json\/wp\/v2\/posts\/5022","targetHints":{"allow":["GET"]}}],"collection":[{"href":"https:\/\/prensapresidencialvenezuela.gob.ve\/index.php\/wp-json\/wp\/v2\/posts"}],"about":[{"href":"https:\/\/prensapresidencialvenezuela.gob.ve\/index.php\/wp-json\/wp\/v2\/types\/post"}],"author":[{"embeddable":true,"href":"https:\/\/prensapresidencialvenezuela.gob.ve\/index.php\/wp-json\/wp\/v2\/users\/6"}],"replies":[{"embeddable":true,"href":"https:\/\/prensapresidencialvenezuela.gob.ve\/index.php\/wp-json\/wp\/v2\/comments?post=5022"}],"version-history":[{"count":2,"href":"https:\/\/prensapresidencialvenezuela.gob.ve\/index.php\/wp-json\/wp\/v2\/posts\/5022\/revisions"}],"predecessor-version":[{"id":5043,"href":"https:\/\/prensapresidencialvenezuela.gob.ve\/index.php\/wp-json\/wp\/v2\/posts\/5022\/revisions\/5043"}],"wp:featuredmedia":[{"embeddable":true,"href":"https:\/\/prensapresidencialvenezuela.gob.ve\/index.php\/wp-json\/wp\/v2\/media\/5023"}],"wp:attachment":[{"href":"https:\/\/prensapresidencialvenezuela.gob.ve\/index.php\/wp-json\/wp\/v2\/media?parent=5022"}],"wp:term":[{"taxonomy":"category","embeddable":true,"href":"https:\/\/prensapresidencialvenezuela.gob.ve\/index.php\/wp-json\/wp\/v2\/categories?post=5022"},{"taxonomy":"post_tag","embeddable":true,"href":"https:\/\/prensapresidencialvenezuela.gob.ve\/index.php\/wp-json\/wp\/v2\/tags?post=5022"}],"curies":[{"name":"wp","href":"https:\/\/api.w.org\/{rel}","templated":true}]}}