{"id":5040,"date":"2023-05-01T19:20:39","date_gmt":"2023-05-01T19:20:39","guid":{"rendered":"http:\/\/172.27.0.121\/?p=5040"},"modified":"2023-05-01T19:22:54","modified_gmt":"2023-05-01T19:22:54","slug":"paraguay-determinado-a-restablecer-las-relaciones-politicas-y-diplomaticas-con-venezuela","status":"publish","type":"post","link":"https:\/\/prensapresidencialvenezuela.gob.ve\/index.php\/2023\/05\/01\/paraguay-determinado-a-restablecer-las-relaciones-politicas-y-diplomaticas-con-venezuela\/","title":{"rendered":"Paraguay determinado a restablecer las relaciones pol\u00edticas y diplom\u00e1ticas con Venezuela"},"content":{"rendered":"\n<p><strong>Palacio de Miraflores, Caracas. \u2013<\/strong> En una conversaci\u00f3n telef\u00f3nica, el presidente electo de la Rep\u00fablica de Paraguay, Santiago Pe\u00f1a Palacios, extendi\u00f3 al jefe de Estado venezolano, Nicol\u00e1s Maduro, la determinaci\u00f3n de restablecer en el corto plazo las relaciones pol\u00edticas y diplom\u00e1ticas entre ambos pa\u00edses.<\/p>\n\n\n\n<p>La informaci\u00f3n se desprende de un comunicado de la Rep\u00fablica Bolivariana de Venezuela, publicado en la cuenta de la red social de Twitter del canciller venezolano, Yvan Gil, a trav\u00e9s del cual el presidente Maduro trasmiti\u00f3 las felicitaciones del pueblo venezolano luego de la jornada electoral en la que Pe\u00f1a Palacios acumul\u00f3 m\u00e1s del 42,7 por ciento de los votos, durante los comicios celebrados este domingo 30 de abril.<\/p>\n\n\n\n<p>En esa l\u00ednea, destaca la misiva,&nbsp; el mandatario paraguayo \u201cagradeci\u00f3 la conversaci\u00f3n e hizo llegar al presidente Nicol\u00e1s Maduro la determinaci\u00f3n de restablecer en el corto plazo las relaciones pol\u00edticas y diplom\u00e1ticas entre ambos pa\u00edses\u201d.<\/p>\n\n\n\n<p>Al respecto, ambos presidentes \u201chicieron votos por retomar la senda de la uni\u00f3n latinoamericana con el objeto de garantizar la prosperidad de la regi\u00f3n y de sus pueblos\u201d.<\/p>\n\n\n\n<p>\u201cEl Gobierno Bolivariano extiende sus buenos deseos a la Rep\u00fablica del Paraguay y renueva su disposici\u00f3n y voluntad para trabajar de forma constructiva y respetuosa a favor de los intereses comunes de nuestras naciones\u201d, sostiene el comunicado.<\/p>\n\n\n\n<p><strong>Prensa Presidencial \/ Ana\u00eds P\u00e9rez<\/strong><\/p>\n","protected":false},"excerpt":{"rendered":"<p>Palacio de Miraflores, Caracas. \u2013 En una conversaci\u00f3n telef\u00f3nica, el presidente electo de la Rep\u00fablica de Paraguay, Santiago Pe\u00f1a Palacios, extendi\u00f3 al jefe de Estado venezolano, Nicol\u00e1s Maduro, la determinaci\u00f3n de restablecer en el corto plazo las relaciones pol\u00edticas y diplom\u00e1ticas entre ambos pa\u00edses. La informaci\u00f3n se desprende de un comunicado de la Rep\u00fablica Bolivariana [&hellip;]<\/p>\n","protected":false},"author":6,"featured_media":5041,"comment_status":"open","ping_status":"open","sticky":false,"template":"","format":"standard","meta":{"footnotes":""},"categories":[18,7],"tags":[19,115,20],"class_list":["post-5040","post","type-post","status-publish","format-standard","has-post-thumbnail","hentry","category-noticias-principales","category-notas-de-prensa","tag-nicolas-maduro","tag-paraguay","tag-venezuela"],"_links":{"self":[{"href":"https:\/\/prensapresidencialvenezuela.gob.ve\/index.php\/wp-json\/wp\/v2\/posts\/5040","targetHints":{"allow":["GET"]}}],"collection":[{"href":"https:\/\/prensapresidencialvenezuela.gob.ve\/index.php\/wp-json\/wp\/v2\/posts"}],"about":[{"href":"https:\/\/prensapresidencialvenezuela.gob.ve\/index.php\/wp-json\/wp\/v2\/types\/post"}],"author":[{"embeddable":true,"href":"https:\/\/prensapresidencialvenezuela.gob.ve\/index.php\/wp-json\/wp\/v2\/users\/6"}],"replies":[{"embeddable":true,"href":"https:\/\/prensapresidencialvenezuela.gob.ve\/index.php\/wp-json\/wp\/v2\/comments?post=5040"}],"version-history":[{"count":1,"href":"https:\/\/prensapresidencialvenezuela.gob.ve\/index.php\/wp-json\/wp\/v2\/posts\/5040\/revisions"}],"predecessor-version":[{"id":5042,"href":"https:\/\/prensapresidencialvenezuela.gob.ve\/index.php\/wp-json\/wp\/v2\/posts\/5040\/revisions\/5042"}],"wp:featuredmedia":[{"embeddable":true,"href":"https:\/\/prensapresidencialvenezuela.gob.ve\/index.php\/wp-json\/wp\/v2\/media\/5041"}],"wp:attachment":[{"href":"https:\/\/prensapresidencialvenezuela.gob.ve\/index.php\/wp-json\/wp\/v2\/media?parent=5040"}],"wp:term":[{"taxonomy":"category","embeddable":true,"href":"https:\/\/prensapresidencialvenezuela.gob.ve\/index.php\/wp-json\/wp\/v2\/categories?post=5040"},{"taxonomy":"post_tag","embeddable":true,"href":"https:\/\/prensapresidencialvenezuela.gob.ve\/index.php\/wp-json\/wp\/v2\/tags?post=5040"}],"curies":[{"name":"wp","href":"https:\/\/api.w.org\/{rel}","templated":true}]}}