{"id":5045,"date":"2023-05-01T22:17:02","date_gmt":"2023-05-01T22:17:02","guid":{"rendered":"http:\/\/172.27.0.121\/?p=5045"},"modified":"2023-05-01T22:17:02","modified_gmt":"2023-05-01T22:17:02","slug":"presidente-maduro-acompana-movilizacion-del-dia-internacional-del-trabajador","status":"publish","type":"post","link":"https:\/\/prensapresidencialvenezuela.gob.ve\/index.php\/2023\/05\/01\/presidente-maduro-acompana-movilizacion-del-dia-internacional-del-trabajador\/","title":{"rendered":"Presidente Maduro acompa\u00f1a movilizaci\u00f3n del D\u00eda Internacional del Trabajador"},"content":{"rendered":"\n<p><strong>Plaza&nbsp;<\/strong><strong>O\u2019Leary, Caracas.-<\/strong>&nbsp;Este lunes, el presidente de la Rep\u00fablica, Nicol\u00e1s Maduro, acompa\u00f1a la movilizaci\u00f3n del D\u00eda Internacional del Trabajador y la Trabajadora para reivindicar el papel protag\u00f3nico de la clase obrera en la lucha por garantizar sus derechos individuales y colectivos.<\/p>\n\n\n\n<p>Como parte de esta hist\u00f3rica fecha, el Mandatario nacional expres\u00f3 a trav\u00e9s de su cuenta en la red social Twitter, @NicolasMaduro, que \u201cel D\u00eda del Trabajador y la Trabajadora no es solo hoy, son todos los d\u00edas, porque la Clase Obrera es consciente de su responsabilidad con la Revoluci\u00f3n y est\u00e1 comprometida con la lucha antiimperialista, esa es la esencia de nuestra Patria Socialista. \u00a1Viva el Pueblo Trabajador!\u201d.<\/p>\n\n\n\n<p>En este contexto, record\u00f3 que su llegada al movimiento revolucionario se inici\u00f3 a trav\u00e9s de la clase obrera. \u201cCu\u00e1nto orgullo siento en decir: \u00a1Soy el Presidente de la clase obrera venezolana! De sus luchas vengo y por ellas sigo adelante. Estoy seguro de que el sacrificio, el esfuerzo y la batalla no han sido en vano\u201d, precis\u00f3 el Dignatario.<\/p>\n\n\n\n<p>Desde la llegada de la Revoluci\u00f3n Bolivariana, el Estado ha reivindicado la clase obrera trabajadora la cual cumple un rol fundamental en el fortalecimiento de la econom\u00eda y la pol\u00edtica del pa\u00eds, garantiz\u00e1ndole protecci\u00f3n social basada en la igualdad y justicia.<\/p>\n\n\n\n<p>Para la movilizaci\u00f3n de este 1\u00b0 de mayo, el pueblo venezolano se concentr\u00f3 desde tempranas horas de la ma\u00f1ana en dos puntos: el Parque Al\u00ed Primera, en la avenida Sucre y sede de la Compa\u00f1\u00eda An\u00f3nima Nacional Tel\u00e9fonos de Venezuela (Cantv), en la avenida Libertador, para culminar en la Plaza O\u2019Leary en el centro de Caracas.<\/p>\n\n\n\n<p><strong>Prensa Presidencial \/ Joelin Jim\u00e9nez<\/strong><\/p>\n","protected":false},"excerpt":{"rendered":"<p>Plaza&nbsp;O\u2019Leary, Caracas.-&nbsp;Este lunes, el presidente de la Rep\u00fablica, Nicol\u00e1s Maduro, acompa\u00f1a la movilizaci\u00f3n del D\u00eda Internacional del Trabajador y la Trabajadora para reivindicar el papel protag\u00f3nico de la clase obrera en la lucha por garantizar sus derechos individuales y colectivos. Como parte de esta hist\u00f3rica fecha, el Mandatario nacional expres\u00f3 a trav\u00e9s de su cuenta [&hellip;]<\/p>\n","protected":false},"author":6,"featured_media":5046,"comment_status":"open","ping_status":"open","sticky":false,"template":"","format":"standard","meta":{"footnotes":""},"categories":[18,7],"tags":[],"class_list":["post-5045","post","type-post","status-publish","format-standard","has-post-thumbnail","hentry","category-noticias-principales","category-notas-de-prensa"],"_links":{"self":[{"href":"https:\/\/prensapresidencialvenezuela.gob.ve\/index.php\/wp-json\/wp\/v2\/posts\/5045","targetHints":{"allow":["GET"]}}],"collection":[{"href":"https:\/\/prensapresidencialvenezuela.gob.ve\/index.php\/wp-json\/wp\/v2\/posts"}],"about":[{"href":"https:\/\/prensapresidencialvenezuela.gob.ve\/index.php\/wp-json\/wp\/v2\/types\/post"}],"author":[{"embeddable":true,"href":"https:\/\/prensapresidencialvenezuela.gob.ve\/index.php\/wp-json\/wp\/v2\/users\/6"}],"replies":[{"embeddable":true,"href":"https:\/\/prensapresidencialvenezuela.gob.ve\/index.php\/wp-json\/wp\/v2\/comments?post=5045"}],"version-history":[{"count":1,"href":"https:\/\/prensapresidencialvenezuela.gob.ve\/index.php\/wp-json\/wp\/v2\/posts\/5045\/revisions"}],"predecessor-version":[{"id":5047,"href":"https:\/\/prensapresidencialvenezuela.gob.ve\/index.php\/wp-json\/wp\/v2\/posts\/5045\/revisions\/5047"}],"wp:featuredmedia":[{"embeddable":true,"href":"https:\/\/prensapresidencialvenezuela.gob.ve\/index.php\/wp-json\/wp\/v2\/media\/5046"}],"wp:attachment":[{"href":"https:\/\/prensapresidencialvenezuela.gob.ve\/index.php\/wp-json\/wp\/v2\/media?parent=5045"}],"wp:term":[{"taxonomy":"category","embeddable":true,"href":"https:\/\/prensapresidencialvenezuela.gob.ve\/index.php\/wp-json\/wp\/v2\/categories?post=5045"},{"taxonomy":"post_tag","embeddable":true,"href":"https:\/\/prensapresidencialvenezuela.gob.ve\/index.php\/wp-json\/wp\/v2\/tags?post=5045"}],"curies":[{"name":"wp","href":"https:\/\/api.w.org\/{rel}","templated":true}]}}