{"id":5077,"date":"2023-05-08T22:41:00","date_gmt":"2023-05-08T22:41:00","guid":{"rendered":"http:\/\/172.27.0.121\/?p=5077"},"modified":"2023-05-08T22:41:00","modified_gmt":"2023-05-08T22:41:00","slug":"venezuela-proyecta-un-crecimiento-del-pib-2023-por-encima-del-5","status":"publish","type":"post","link":"https:\/\/prensapresidencialvenezuela.gob.ve\/index.php\/2023\/05\/08\/venezuela-proyecta-un-crecimiento-del-pib-2023-por-encima-del-5\/","title":{"rendered":"Venezuela proyecta un crecimiento del PIB 2023 por encima del 5%"},"content":{"rendered":"\n<p><strong>Palacio de Miraflores, Caracas. &#8211;<\/strong>El presidente de la Rep\u00fablica Bolivariana de Venezuela, Nicol\u00e1s Maduro, estima que el crecimiento real del Producto Interno Bruto (PIB) en Venezuela este 2023 se ubique por encima del 5%.<\/p>\n\n\n\n<p>En su programa \u201cCon Maduro +\u201d, desde el Palacio de Miraflores, se pronunci\u00f3 sobre las estimaciones del Fondo Monetario Internacional (FMI), diciendo que este organismo internacional \u201cse va a quedar corto este a\u00f1o y lo que aspiro es que el crecimiento est\u00e9 por encima del 5%y sigamos nosotros empe\u00f1ados en el trabajo\u201d.<\/p>\n\n\n\n<p>Enfatiz\u00f3 que el trabajo es la soluci\u00f3n a los problemas de Venezuela, la producci\u00f3n de bienes, servicios, riquezas y la construcci\u00f3n de una nueva econom\u00eda no dependiente.<\/p>\n\n\n\n<p>\u201cHac\u00eda all\u00e1 tenemos que apuntar todos los venezolanos, hac\u00eda una econom\u00eda diversificada, que crezca satisfaciendo las necesidades del pa\u00eds y vaya d\u00e1ndole una demostraci\u00f3n al mundo de la resistencia y su capacidad de salir adelante con esfuerzo propio\u201d, subray\u00f3 el jefe de Estado.<\/p>\n\n\n\n<p>El presidente Maduro Insisti\u00f3 en que lo que est\u00e1 creciendo es la econom\u00eda real, la econom\u00eda alternativa, en donde \u201cya Venezuela va rompiendo las amarras con respecto a la dependencia de la econom\u00eda petrolera, la econom\u00eda rentista\u201d.<\/p>\n\n\n\n<p>En Venezuela \u2013 dijo &#8211; estamos viendo crecer la diversidad y la capacidad m\u00faltiple de una econom\u00eda que tiene capacidad para producir. \u201cLa econom\u00eda que produce alimentos, bienes y servicios, y que se adelanta a trav\u00e9s de un comercio que cada d\u00eda debe ser m\u00e1s activo, m\u00e1s vivo\u201d.<\/p>\n\n\n\n<p><strong>Prensa Presidencial \/ Ana\u00eds P\u00e9rez<\/strong><\/p>\n","protected":false},"excerpt":{"rendered":"<p>Palacio de Miraflores, Caracas. &#8211;El presidente de la Rep\u00fablica Bolivariana de Venezuela, Nicol\u00e1s Maduro, estima que el crecimiento real del Producto Interno Bruto (PIB) en Venezuela este 2023 se ubique por encima del 5%. En su programa \u201cCon Maduro +\u201d, desde el Palacio de Miraflores, se pronunci\u00f3 sobre las estimaciones del Fondo Monetario Internacional (FMI), [&hellip;]<\/p>\n","protected":false},"author":6,"featured_media":5078,"comment_status":"open","ping_status":"open","sticky":false,"template":"","format":"standard","meta":{"footnotes":""},"categories":[18,7],"tags":[30,19,27,20],"class_list":["post-5077","post","type-post","status-publish","format-standard","has-post-thumbnail","hentry","category-noticias-principales","category-notas-de-prensa","tag-destacado","tag-nicolas-maduro","tag-revolucion-bolivariana","tag-venezuela"],"_links":{"self":[{"href":"https:\/\/prensapresidencialvenezuela.gob.ve\/index.php\/wp-json\/wp\/v2\/posts\/5077","targetHints":{"allow":["GET"]}}],"collection":[{"href":"https:\/\/prensapresidencialvenezuela.gob.ve\/index.php\/wp-json\/wp\/v2\/posts"}],"about":[{"href":"https:\/\/prensapresidencialvenezuela.gob.ve\/index.php\/wp-json\/wp\/v2\/types\/post"}],"author":[{"embeddable":true,"href":"https:\/\/prensapresidencialvenezuela.gob.ve\/index.php\/wp-json\/wp\/v2\/users\/6"}],"replies":[{"embeddable":true,"href":"https:\/\/prensapresidencialvenezuela.gob.ve\/index.php\/wp-json\/wp\/v2\/comments?post=5077"}],"version-history":[{"count":1,"href":"https:\/\/prensapresidencialvenezuela.gob.ve\/index.php\/wp-json\/wp\/v2\/posts\/5077\/revisions"}],"predecessor-version":[{"id":5079,"href":"https:\/\/prensapresidencialvenezuela.gob.ve\/index.php\/wp-json\/wp\/v2\/posts\/5077\/revisions\/5079"}],"wp:featuredmedia":[{"embeddable":true,"href":"https:\/\/prensapresidencialvenezuela.gob.ve\/index.php\/wp-json\/wp\/v2\/media\/5078"}],"wp:attachment":[{"href":"https:\/\/prensapresidencialvenezuela.gob.ve\/index.php\/wp-json\/wp\/v2\/media?parent=5077"}],"wp:term":[{"taxonomy":"category","embeddable":true,"href":"https:\/\/prensapresidencialvenezuela.gob.ve\/index.php\/wp-json\/wp\/v2\/categories?post=5077"},{"taxonomy":"post_tag","embeddable":true,"href":"https:\/\/prensapresidencialvenezuela.gob.ve\/index.php\/wp-json\/wp\/v2\/tags?post=5077"}],"curies":[{"name":"wp","href":"https:\/\/api.w.org\/{rel}","templated":true}]}}