{"id":5086,"date":"2023-05-08T23:12:57","date_gmt":"2023-05-08T23:12:57","guid":{"rendered":"http:\/\/172.27.0.121\/?p=5086"},"modified":"2023-05-08T23:12:57","modified_gmt":"2023-05-08T23:12:57","slug":"presidente-sobre-anuncio-de-la-oms-nunca-estan-de-mas-las-medidas-de-bioseguridad","status":"publish","type":"post","link":"https:\/\/prensapresidencialvenezuela.gob.ve\/index.php\/2023\/05\/08\/presidente-sobre-anuncio-de-la-oms-nunca-estan-de-mas-las-medidas-de-bioseguridad\/","title":{"rendered":"Presidente sobre anuncio de la OMS: Nunca est\u00e1n de m\u00e1s las medidas de bioseguridad"},"content":{"rendered":"\n<p><strong>Palacio de Miraflores, Caracas. \u2013<\/strong>El presidente de la Rep\u00fablica Bolivariana de Venezuela, Nicol\u00e1s Maduro, asever\u00f3 que nunca est\u00e1n de m\u00e1s las medidas de bioseguridad, refiri\u00e9ndose al pronunciamiento de la Organizaci\u00f3n Mundial de la Salud (OMS), a cargo de Tedros Adhanom Ghebreyesus, quien declar\u00f3 el viernes pasado el fin de la emergencia sanitaria mundial por la Covid-19, pero tambi\u00e9n advirti\u00f3 que la decisi\u00f3n anunciada \u201cno significa que la Covid-19 haya terminado como una amenaza para la salud mundial\u201d.<\/p>\n\n\n\n<p>\u201cNunca est\u00e1n de m\u00e1s las medidas de bioseguridad, si algo aprendimos de la COVID-19 es que las medidas de bioseguridad son buenas, te garantizan salud\u201d, enfatiz\u00f3 el Mandatario venezolano, al cuestionar: \u201c\u00bfCu\u00e1ntos cosas aprendimos en esos tres a\u00f1os? Venezuela tuvo una pol\u00edtica ejemplar, yo pudiera decir que Venezuela es uno de los pa\u00edses del mundo que mejor manej\u00f3 la pandemia del COVID \u2013 19\u201d.<\/p>\n\n\n\n<p>Record\u00f3 que la gesti\u00f3n bolivariana protegi\u00f3 a la poblaci\u00f3n, \u201ca pesar de que en el a\u00f1o 2020 se recrudecieron los ataques contra la econom\u00eda, las sanciones, las prohibiciones, los bloqueos de una manera salvaje contra Venezuela\u201d.<\/p>\n\n\n\n<p>Pese a ese escenario adverso \u2013 indic\u00f3 &#8211; conseguimos las medicinas (\u2026) y en todas las etapas, desde la cuarentena radial voluntaria hasta la etapa del 7 m\u00e1s 7, hasta la flexibilizaci\u00f3n segura, en todas tuvimos cuidando a nuestro pueblo.<\/p>\n\n\n\n<p>En un recuento cronol\u00f3gico del ataque contra en pa\u00eds, el presidente Maduro se\u00f1al\u00f3 que \u201cluego el imperio gringo pretendi\u00f3 que las vacunas no llegaran, llamando a todas las empresas que produc\u00edan vacunas para casi amenazar y prohibir que enviaran las vacunas a Venezuela\u201d, pero \u201cnosotros hablamos directo con China, Rusia y Cuba y las trajimos, llegaron y vacunamos a nuestro pueblo casi al 100%\u201d.<\/p>\n\n\n\n<p>El Jefe de Estado agradeci\u00f3 a todo el personal del sistema p\u00fablico de salud por el esfuerzo semanas enteras atendiendo los Centros Diagnostico Integrales (CDI), dispuestos para atender los casos sintom\u00e1ticos, de manera cient\u00edfica, planificada y estrat\u00e9gica.<\/p>\n\n\n\n<p>En contexto, el Director General advirti\u00f3 que la decisi\u00f3n anunciada \u201cno significa que la Covid-19 haya terminado como una amenaza para la salud mundial\u201d, pues, la semana pasada \u201ccobr\u00f3 una vida cada tres minutos y esas son solo las muertes que conocemos\u00bb.<\/p>\n\n\n\n<p>\u201cEste virus lleg\u00f3 para quedarse. Sigue matando y sigue cambiando. Sigue existiendo el riesgo de que surjan nuevas variantes que provoquen nuevos aumentos de casos y muertes\u201d, agreg\u00f3 en rueda de prensa el director general de la OMS.<\/p>\n\n\n\n<p><strong>Prensa Presidencial \/ Ana\u00eds P\u00e9rez<\/strong><\/p>\n","protected":false},"excerpt":{"rendered":"<p>Palacio de Miraflores, Caracas. \u2013El presidente de la Rep\u00fablica Bolivariana de Venezuela, Nicol\u00e1s Maduro, asever\u00f3 que nunca est\u00e1n de m\u00e1s las medidas de bioseguridad, refiri\u00e9ndose al pronunciamiento de la Organizaci\u00f3n Mundial de la Salud (OMS), a cargo de Tedros Adhanom Ghebreyesus, quien declar\u00f3 el viernes pasado el fin de la emergencia sanitaria mundial por la [&hellip;]<\/p>\n","protected":false},"author":6,"featured_media":5087,"comment_status":"open","ping_status":"open","sticky":false,"template":"","format":"standard","meta":{"footnotes":""},"categories":[18,7],"tags":[30,19,27,20],"class_list":["post-5086","post","type-post","status-publish","format-standard","has-post-thumbnail","hentry","category-noticias-principales","category-notas-de-prensa","tag-destacado","tag-nicolas-maduro","tag-revolucion-bolivariana","tag-venezuela"],"_links":{"self":[{"href":"https:\/\/prensapresidencialvenezuela.gob.ve\/index.php\/wp-json\/wp\/v2\/posts\/5086","targetHints":{"allow":["GET"]}}],"collection":[{"href":"https:\/\/prensapresidencialvenezuela.gob.ve\/index.php\/wp-json\/wp\/v2\/posts"}],"about":[{"href":"https:\/\/prensapresidencialvenezuela.gob.ve\/index.php\/wp-json\/wp\/v2\/types\/post"}],"author":[{"embeddable":true,"href":"https:\/\/prensapresidencialvenezuela.gob.ve\/index.php\/wp-json\/wp\/v2\/users\/6"}],"replies":[{"embeddable":true,"href":"https:\/\/prensapresidencialvenezuela.gob.ve\/index.php\/wp-json\/wp\/v2\/comments?post=5086"}],"version-history":[{"count":1,"href":"https:\/\/prensapresidencialvenezuela.gob.ve\/index.php\/wp-json\/wp\/v2\/posts\/5086\/revisions"}],"predecessor-version":[{"id":5088,"href":"https:\/\/prensapresidencialvenezuela.gob.ve\/index.php\/wp-json\/wp\/v2\/posts\/5086\/revisions\/5088"}],"wp:featuredmedia":[{"embeddable":true,"href":"https:\/\/prensapresidencialvenezuela.gob.ve\/index.php\/wp-json\/wp\/v2\/media\/5087"}],"wp:attachment":[{"href":"https:\/\/prensapresidencialvenezuela.gob.ve\/index.php\/wp-json\/wp\/v2\/media?parent=5086"}],"wp:term":[{"taxonomy":"category","embeddable":true,"href":"https:\/\/prensapresidencialvenezuela.gob.ve\/index.php\/wp-json\/wp\/v2\/categories?post=5086"},{"taxonomy":"post_tag","embeddable":true,"href":"https:\/\/prensapresidencialvenezuela.gob.ve\/index.php\/wp-json\/wp\/v2\/tags?post=5086"}],"curies":[{"name":"wp","href":"https:\/\/api.w.org\/{rel}","templated":true}]}}