{"id":5092,"date":"2023-05-08T23:34:28","date_gmt":"2023-05-08T23:34:28","guid":{"rendered":"http:\/\/172.27.0.121\/?p=5092"},"modified":"2023-05-08T23:34:28","modified_gmt":"2023-05-08T23:34:28","slug":"plan-de-atencion-integral-para-las-personas-con-tea-instruyo-el-presidente","status":"publish","type":"post","link":"https:\/\/prensapresidencialvenezuela.gob.ve\/index.php\/2023\/05\/08\/plan-de-atencion-integral-para-las-personas-con-tea-instruyo-el-presidente\/","title":{"rendered":"Plan de atenci\u00f3n integral para las personas con TEA instruy\u00f3 el Presidente"},"content":{"rendered":"\n<p><strong>Palacio de Miraflores, Caracas.- <\/strong>\u201cYa que aprobamos la Ley que no se quede en letra muerta, que se convierta en letra viva, en un Plan Nacional de Atenci\u00f3n\u201d, instruy\u00f3 el presidente de la Rep\u00fablica Bolivariana de Venezuela, Nicol\u00e1s Maduro Moros, al referirse a la necesidad de expandir y garantizar la atenci\u00f3n integral de las personas con Trastorno del Espectro Autista (TEA).<\/p>\n\n\n\n<p>\u201cFormar los profesionales y todo el personal para poder multiplicar los servicios, crear una red y opciones \u2013de atenci\u00f3n- en todos los estados del pa\u00eds, llevar estos servicios a todos los Centros de Diagn\u00f3stico Integral (CDI)\u201d, asever\u00f3 el Mandatario.<\/p>\n\n\n\n<p>Durante la tercera emisi\u00f3n del programa \u201cCon Maduro +\u201d, transmitido este 8 de mayo, el Jefe de Estado subray\u00f3 que la reci\u00e9n promulgada Ley para la Atenci\u00f3n Integral a las Personas con Trastornos del Espectro Autistas (TEA) garantiza y promueve el diagn\u00f3stico integral temprano y oportuno, pero adem\u00e1s fomenta la conciencia dentro de las familias, comunidades e instituciones.<\/p>\n\n\n\n<p><strong>Catia La Mar tendr\u00e1 su hospital<\/strong><\/p>\n\n\n\n<p>El Gran Hospital Jos\u00e9 Gregorio Hern\u00e1ndez de la parroquia Catia La Mar ser\u00e1 una realidad en los pr\u00f3ximos meses, anunci\u00f3 el gobernador del estado La Guaira, Jos\u00e9 Alejandro Ter\u00e1n, este lunes.<\/p>\n\n\n\n<p>\u201cCompramos lo que iba a ser una cl\u00ednica privada, lo que iba a ser el Hospital San Jorge y construiremos juntos all\u00ed el Gran Hospital Jos\u00e9 Gregorio Hern\u00e1ndez de la parroquia Catia La Mar (\u2026) hemos venido haciendo un esfuerzo y trabajo conjunto con la ministra Magaly Guti\u00e9rrez y la Vicepresidenta Gabriela Jim\u00e9nez\u201d, detall\u00f3 Ter\u00e1n.&nbsp;<\/p>\n\n\n\n<p>El Gobernador especific\u00f3 que la infraestructura se encuentra en un 50% de construcci\u00f3n y se continuar\u00e1n las adecuaciones con el trabajo conjunto del gobierno regional y nacional.<\/p>\n\n\n\n<p><strong>Prensa Presidencial\/Bianca Borrero<\/strong><\/p>\n","protected":false},"excerpt":{"rendered":"<p>Palacio de Miraflores, Caracas.- \u201cYa que aprobamos la Ley que no se quede en letra muerta, que se convierta en letra viva, en un Plan Nacional de Atenci\u00f3n\u201d, instruy\u00f3 el presidente de la Rep\u00fablica Bolivariana de Venezuela, Nicol\u00e1s Maduro Moros, al referirse a la necesidad de expandir y garantizar la atenci\u00f3n integral de las personas [&hellip;]<\/p>\n","protected":false},"author":6,"featured_media":5093,"comment_status":"open","ping_status":"open","sticky":false,"template":"","format":"standard","meta":{"footnotes":""},"categories":[18,7],"tags":[30,19,27,20],"class_list":["post-5092","post","type-post","status-publish","format-standard","has-post-thumbnail","hentry","category-noticias-principales","category-notas-de-prensa","tag-destacado","tag-nicolas-maduro","tag-revolucion-bolivariana","tag-venezuela"],"_links":{"self":[{"href":"https:\/\/prensapresidencialvenezuela.gob.ve\/index.php\/wp-json\/wp\/v2\/posts\/5092","targetHints":{"allow":["GET"]}}],"collection":[{"href":"https:\/\/prensapresidencialvenezuela.gob.ve\/index.php\/wp-json\/wp\/v2\/posts"}],"about":[{"href":"https:\/\/prensapresidencialvenezuela.gob.ve\/index.php\/wp-json\/wp\/v2\/types\/post"}],"author":[{"embeddable":true,"href":"https:\/\/prensapresidencialvenezuela.gob.ve\/index.php\/wp-json\/wp\/v2\/users\/6"}],"replies":[{"embeddable":true,"href":"https:\/\/prensapresidencialvenezuela.gob.ve\/index.php\/wp-json\/wp\/v2\/comments?post=5092"}],"version-history":[{"count":1,"href":"https:\/\/prensapresidencialvenezuela.gob.ve\/index.php\/wp-json\/wp\/v2\/posts\/5092\/revisions"}],"predecessor-version":[{"id":5094,"href":"https:\/\/prensapresidencialvenezuela.gob.ve\/index.php\/wp-json\/wp\/v2\/posts\/5092\/revisions\/5094"}],"wp:featuredmedia":[{"embeddable":true,"href":"https:\/\/prensapresidencialvenezuela.gob.ve\/index.php\/wp-json\/wp\/v2\/media\/5093"}],"wp:attachment":[{"href":"https:\/\/prensapresidencialvenezuela.gob.ve\/index.php\/wp-json\/wp\/v2\/media?parent=5092"}],"wp:term":[{"taxonomy":"category","embeddable":true,"href":"https:\/\/prensapresidencialvenezuela.gob.ve\/index.php\/wp-json\/wp\/v2\/categories?post=5092"},{"taxonomy":"post_tag","embeddable":true,"href":"https:\/\/prensapresidencialvenezuela.gob.ve\/index.php\/wp-json\/wp\/v2\/tags?post=5092"}],"curies":[{"name":"wp","href":"https:\/\/api.w.org\/{rel}","templated":true}]}}