{"id":5170,"date":"2022-09-12T16:50:00","date_gmt":"2022-09-12T16:50:00","guid":{"rendered":"http:\/\/172.27.0.121\/?p=5170"},"modified":"2023-05-10T16:55:59","modified_gmt":"2023-05-10T16:55:59","slug":"poder-popular-asume-rol-en-la-gestion-de-la-crisis-climatica-mundial","status":"publish","type":"post","link":"https:\/\/prensapresidencialvenezuela.gob.ve\/index.php\/2022\/09\/12\/poder-popular-asume-rol-en-la-gestion-de-la-crisis-climatica-mundial\/","title":{"rendered":"Poder Popular asume rol en la gesti\u00f3n de la crisis clim\u00e1tica mundial"},"content":{"rendered":"\n<p>La Rep\u00fablica Bolivariana de Venezuela toma la batuta en la tarea de adelantar acciones para enfrentar la crisis clim\u00e1tica, afianzar y valorar el cumplimiento de los tratados internacionales, con la creaci\u00f3n del Observatorio Nacional de la Crisis Clim\u00e1tica (ONCC), proyecto anunciado por el jefe de Estado venezolano, Nicol\u00e1s Maduro, el 6 de mayo del 2022, y con el cual la naci\u00f3n suramericana se une a los procesos de mitigaci\u00f3n y adaptaci\u00f3n en materia de cambio clim\u00e1tico.<\/p>\n\n\n\n<p>Descargue el texto \u00edntegro:<\/p>\n\n\n\n<div data-wp-interactive=\"core\/file\" class=\"wp-block-file\"><object data-wp-bind--hidden=\"!state.hasPdfPreview\" hidden class=\"wp-block-file__embed\" data=\"https:\/\/prensapresidencialvenezuela.gob.ve\/wp-content\/uploads\/2023\/05\/Gestion-de-la-crisis-climatica.pdf\" type=\"application\/pdf\" style=\"width:100%;height:600px\" aria-label=\"Incrustado de Incrustado de Gestion-de-la-crisis-climatica..\"><\/object><a id=\"wp-block-file--media-686e8663-7ca2-46c9-9aa3-3a8315929c0d\" href=\"https:\/\/prensapresidencialvenezuela.gob.ve\/wp-content\/uploads\/2023\/05\/Gestion-de-la-crisis-climatica.pdf\">Gestion-de-la-crisis-climatica<\/a><a href=\"https:\/\/prensapresidencialvenezuela.gob.ve\/wp-content\/uploads\/2023\/05\/Gestion-de-la-crisis-climatica.pdf\" class=\"wp-block-file__button\" download aria-describedby=\"wp-block-file--media-686e8663-7ca2-46c9-9aa3-3a8315929c0d\">Descarga<\/a><\/div>\n","protected":false},"excerpt":{"rendered":"<p>La Rep\u00fablica Bolivariana de Venezuela toma la batuta en la tarea de adelantar acciones para enfrentar la crisis clim\u00e1tica, afianzar y valorar el cumplimiento de los tratados internacionales, con la creaci\u00f3n del Observatorio Nacional de la Crisis Clim\u00e1tica (ONCC), proyecto anunciado por el jefe de Estado venezolano, Nicol\u00e1s Maduro, el 6 de mayo del 2022, [&hellip;]<\/p>\n","protected":false},"author":6,"featured_media":5171,"comment_status":"open","ping_status":"open","sticky":false,"template":"","format":"standard","meta":{"footnotes":""},"categories":[10],"tags":[],"class_list":["post-5170","post","type-post","status-publish","format-standard","has-post-thumbnail","hentry","category-especiales"],"_links":{"self":[{"href":"https:\/\/prensapresidencialvenezuela.gob.ve\/index.php\/wp-json\/wp\/v2\/posts\/5170","targetHints":{"allow":["GET"]}}],"collection":[{"href":"https:\/\/prensapresidencialvenezuela.gob.ve\/index.php\/wp-json\/wp\/v2\/posts"}],"about":[{"href":"https:\/\/prensapresidencialvenezuela.gob.ve\/index.php\/wp-json\/wp\/v2\/types\/post"}],"author":[{"embeddable":true,"href":"https:\/\/prensapresidencialvenezuela.gob.ve\/index.php\/wp-json\/wp\/v2\/users\/6"}],"replies":[{"embeddable":true,"href":"https:\/\/prensapresidencialvenezuela.gob.ve\/index.php\/wp-json\/wp\/v2\/comments?post=5170"}],"version-history":[{"count":1,"href":"https:\/\/prensapresidencialvenezuela.gob.ve\/index.php\/wp-json\/wp\/v2\/posts\/5170\/revisions"}],"predecessor-version":[{"id":5173,"href":"https:\/\/prensapresidencialvenezuela.gob.ve\/index.php\/wp-json\/wp\/v2\/posts\/5170\/revisions\/5173"}],"wp:featuredmedia":[{"embeddable":true,"href":"https:\/\/prensapresidencialvenezuela.gob.ve\/index.php\/wp-json\/wp\/v2\/media\/5171"}],"wp:attachment":[{"href":"https:\/\/prensapresidencialvenezuela.gob.ve\/index.php\/wp-json\/wp\/v2\/media?parent=5170"}],"wp:term":[{"taxonomy":"category","embeddable":true,"href":"https:\/\/prensapresidencialvenezuela.gob.ve\/index.php\/wp-json\/wp\/v2\/categories?post=5170"},{"taxonomy":"post_tag","embeddable":true,"href":"https:\/\/prensapresidencialvenezuela.gob.ve\/index.php\/wp-json\/wp\/v2\/tags?post=5170"}],"curies":[{"name":"wp","href":"https:\/\/api.w.org\/{rel}","templated":true}]}}