{"id":5206,"date":"2023-05-10T21:52:22","date_gmt":"2023-05-10T21:52:22","guid":{"rendered":"http:\/\/172.27.0.121\/?p=5206"},"modified":"2023-05-10T21:52:22","modified_gmt":"2023-05-10T21:52:22","slug":"instalada-sesion-especial-del-congreso-de-la-nueva-epoca-capitulo-afrodescendientes","status":"publish","type":"post","link":"https:\/\/prensapresidencialvenezuela.gob.ve\/index.php\/2023\/05\/10\/instalada-sesion-especial-del-congreso-de-la-nueva-epoca-capitulo-afrodescendientes\/","title":{"rendered":"Instalada Sesi\u00f3n Especial del Congreso de la Nueva \u00c9poca Cap\u00edtulo Afrodescendientes"},"content":{"rendered":"\n<p><strong>Plaza Bicentenaria, Caracas. \u2013<\/strong>Este mi\u00e9rcoles fue instalada la Sesi\u00f3n Especial del Congreso de la Nueva \u00c9poca cap\u00edtulo Afrodescendientes, desde la Plaza Bicentenaria del Palacio de Miraflores, el cual busca fortalecer la agenda de trabajo y debatir los logros del proceso organizativo popular de las Comunidades Afrodescendientes y sus Movimientos Sociales.<\/p>\n\n\n\n<p>El encuentro fue propicio para que representantes de las diferentes instituciones debatan propuestas del sector, en aras de impulsar estrategias de trabajo en distintos \u00e1mbitos, tales como: Territorial, Econ\u00f3mico Productivo, Social, Cultura y Comunicaci\u00f3n, Justicia y Paz, Internacional.<\/p>\n\n\n\n<p>La actividad coincide con la celebraci\u00f3n del D\u00eda Nacional de la Afrovenezolanidad, festividad que busca sentar las bases y principios en defensa de la soberan\u00eda y autodeterminaci\u00f3n de los pueblos, desde el seno de las comunidades, pueblos, movimientos y organizaciones afrovenezolanas.<\/p>\n\n\n\n<p>Al respecto, las comunidades organizadas rechazan la imposici\u00f3n de las medidas coercitivas unilaterales impuestas a nuestro pa\u00eds como mecanismos injerencistas que buscan doblegar el proceso de emancipaci\u00f3n y construcci\u00f3n del socialismo del siglo XXI, caracterizado por ser: Inclusivo, Democr\u00e1tico, Solidario y Profundamente Popular.<\/p>\n\n\n\n<p>El Gobierno Bolivariano celebra este d\u00eda como un tributo a la herencia africana, a los l\u00edderes sociales que lucharon por la abolici\u00f3n de la esclavitud y en pro de la inclusi\u00f3n social en el pa\u00eds caribe\u00f1o.<\/p>\n\n\n\n<p>El acto estuvo encabezado por el coordinador nacional de esta instancia y gobernador del estado Miranda, H\u00e9ctor Rodr\u00edguez, el ministro del Poder Popular para la Cultura, Ernesto Villegas, as\u00ed como tambi\u00e9n representantes del Consejo Nacional para el Desarrollo de las Comunidades Afrodescendientes de Venezuela, entre otros invitados.<\/p>\n\n\n\n<p><strong>Prensa Presidencial<\/strong><\/p>\n","protected":false},"excerpt":{"rendered":"<p>Plaza Bicentenaria, Caracas. \u2013Este mi\u00e9rcoles fue instalada la Sesi\u00f3n Especial del Congreso de la Nueva \u00c9poca cap\u00edtulo Afrodescendientes, desde la Plaza Bicentenaria del Palacio de Miraflores, el cual busca fortalecer la agenda de trabajo y debatir los logros del proceso organizativo popular de las Comunidades Afrodescendientes y sus Movimientos Sociales. El encuentro fue propicio para [&hellip;]<\/p>\n","protected":false},"author":6,"featured_media":5207,"comment_status":"open","ping_status":"open","sticky":false,"template":"","format":"standard","meta":{"footnotes":""},"categories":[18,7],"tags":[30,19,27,20],"class_list":["post-5206","post","type-post","status-publish","format-standard","has-post-thumbnail","hentry","category-noticias-principales","category-notas-de-prensa","tag-destacado","tag-nicolas-maduro","tag-revolucion-bolivariana","tag-venezuela"],"_links":{"self":[{"href":"https:\/\/prensapresidencialvenezuela.gob.ve\/index.php\/wp-json\/wp\/v2\/posts\/5206","targetHints":{"allow":["GET"]}}],"collection":[{"href":"https:\/\/prensapresidencialvenezuela.gob.ve\/index.php\/wp-json\/wp\/v2\/posts"}],"about":[{"href":"https:\/\/prensapresidencialvenezuela.gob.ve\/index.php\/wp-json\/wp\/v2\/types\/post"}],"author":[{"embeddable":true,"href":"https:\/\/prensapresidencialvenezuela.gob.ve\/index.php\/wp-json\/wp\/v2\/users\/6"}],"replies":[{"embeddable":true,"href":"https:\/\/prensapresidencialvenezuela.gob.ve\/index.php\/wp-json\/wp\/v2\/comments?post=5206"}],"version-history":[{"count":1,"href":"https:\/\/prensapresidencialvenezuela.gob.ve\/index.php\/wp-json\/wp\/v2\/posts\/5206\/revisions"}],"predecessor-version":[{"id":5208,"href":"https:\/\/prensapresidencialvenezuela.gob.ve\/index.php\/wp-json\/wp\/v2\/posts\/5206\/revisions\/5208"}],"wp:featuredmedia":[{"embeddable":true,"href":"https:\/\/prensapresidencialvenezuela.gob.ve\/index.php\/wp-json\/wp\/v2\/media\/5207"}],"wp:attachment":[{"href":"https:\/\/prensapresidencialvenezuela.gob.ve\/index.php\/wp-json\/wp\/v2\/media?parent=5206"}],"wp:term":[{"taxonomy":"category","embeddable":true,"href":"https:\/\/prensapresidencialvenezuela.gob.ve\/index.php\/wp-json\/wp\/v2\/categories?post=5206"},{"taxonomy":"post_tag","embeddable":true,"href":"https:\/\/prensapresidencialvenezuela.gob.ve\/index.php\/wp-json\/wp\/v2\/tags?post=5206"}],"curies":[{"name":"wp","href":"https:\/\/api.w.org\/{rel}","templated":true}]}}