{"id":5209,"date":"2023-05-11T20:48:39","date_gmt":"2023-05-11T20:48:39","guid":{"rendered":"http:\/\/172.27.0.121\/?p=5209"},"modified":"2023-05-11T20:48:39","modified_gmt":"2023-05-11T20:48:39","slug":"venezuela-y-colombia-fortalecen-alianzas-en-el-area-de-defensa","status":"publish","type":"post","link":"https:\/\/prensapresidencialvenezuela.gob.ve\/index.php\/2023\/05\/11\/venezuela-y-colombia-fortalecen-alianzas-en-el-area-de-defensa\/","title":{"rendered":"Venezuela y Colombia fortalecen alianzas en el \u00e1rea de defensa"},"content":{"rendered":"\n<p><strong>Palacio de Miraflores, Caracas.-<\/strong> En el marco del fortalecimiento de las relaciones colombo-venezolanas, el presidente de la Rep\u00fablica Bolivariana de Venezuela, Nicol\u00e1s Maduro Moros, recibe este jueves al ministro de Defensa de la Rep\u00fablica de Colombia, Iv\u00e1n Vel\u00e1squez, en el Palacio de Miraflores, ubicado en Caracas.<\/p>\n\n\n\n<p>En el encuentro que se realiza en el Despacho 1 tiene como objetivo afianzar las relaciones bilaterales y repasar la agenda de cooperaci\u00f3n estrat\u00e9gica entre ambas naciones en el \u00e1rea de defensa.<\/p>\n\n\n\n<p>El pasado 29 de agosto, Caracas y Bogot\u00e1 restablecieron sus lazos diplom\u00e1ticos, tras la llegada al poder del presidente colombiano Gustavo Petro y luego de tres a\u00f1os de ruptura.<\/p>\n\n\n\n<p>Ambos pa\u00edses impulsan una nueva era de las relaciones con la firma de acuerdos en \u00e1reas medulares como comercio, migraci\u00f3n y seguridad fronteriza, apostando a la cooperaci\u00f3n e integraci\u00f3n para consolidar avances significativos para ambos pueblos.<\/p>\n\n\n\n<p>Muestra de ello es la reapertura de los pasos fronterizos ejecutado el 1\u00b0 de enero pasado y la firma del Acuerdo de Alcance Parcial de Naturaleza Comercial N\u00b0 28, entre los dignatarios Nicol\u00e1s Maduro y Gustavo Petro.<\/p>\n\n\n\n<p>\u201cEstamos en una nueva fase de construcci\u00f3n de las relaciones en todos los sentidos, en toda la l\u00ednea de acci\u00f3n. Nuestras relaciones econ\u00f3micas y comerciales van marcando un buen ritmo, una buena din\u00e1mica\u201d, enfatiz\u00f3 el Mandatario nacional tras la firma del Acuerdo, el 16 de febrero de este a\u00f1o.<\/p>\n\n\n\n<p>En esta jornada de trabajo, acompa\u00f1a al Jefe de Estado el ministro del Poder Popular de Defensa, Vladimir Padrino L\u00f3pez, entre otras autoridades.<\/p>\n\n\n\n<p><strong>Prensa Presidencial\/Karla Cotoret<\/strong><\/p>\n","protected":false},"excerpt":{"rendered":"<p>Palacio de Miraflores, Caracas.- En el marco del fortalecimiento de las relaciones colombo-venezolanas, el presidente de la Rep\u00fablica Bolivariana de Venezuela, Nicol\u00e1s Maduro Moros, recibe este jueves al ministro de Defensa de la Rep\u00fablica de Colombia, Iv\u00e1n Vel\u00e1squez, en el Palacio de Miraflores, ubicado en Caracas. En el encuentro que se realiza en el Despacho [&hellip;]<\/p>\n","protected":false},"author":6,"featured_media":5210,"comment_status":"open","ping_status":"open","sticky":false,"template":"","format":"standard","meta":{"footnotes":""},"categories":[18,7],"tags":[40,30,38,19,27,20],"class_list":["post-5209","post","type-post","status-publish","format-standard","has-post-thumbnail","hentry","category-noticias-principales","category-notas-de-prensa","tag-colombia","tag-destacado","tag-diplomacia-bolivariana-de-paz","tag-nicolas-maduro","tag-revolucion-bolivariana","tag-venezuela"],"_links":{"self":[{"href":"https:\/\/prensapresidencialvenezuela.gob.ve\/index.php\/wp-json\/wp\/v2\/posts\/5209","targetHints":{"allow":["GET"]}}],"collection":[{"href":"https:\/\/prensapresidencialvenezuela.gob.ve\/index.php\/wp-json\/wp\/v2\/posts"}],"about":[{"href":"https:\/\/prensapresidencialvenezuela.gob.ve\/index.php\/wp-json\/wp\/v2\/types\/post"}],"author":[{"embeddable":true,"href":"https:\/\/prensapresidencialvenezuela.gob.ve\/index.php\/wp-json\/wp\/v2\/users\/6"}],"replies":[{"embeddable":true,"href":"https:\/\/prensapresidencialvenezuela.gob.ve\/index.php\/wp-json\/wp\/v2\/comments?post=5209"}],"version-history":[{"count":1,"href":"https:\/\/prensapresidencialvenezuela.gob.ve\/index.php\/wp-json\/wp\/v2\/posts\/5209\/revisions"}],"predecessor-version":[{"id":5211,"href":"https:\/\/prensapresidencialvenezuela.gob.ve\/index.php\/wp-json\/wp\/v2\/posts\/5209\/revisions\/5211"}],"wp:featuredmedia":[{"embeddable":true,"href":"https:\/\/prensapresidencialvenezuela.gob.ve\/index.php\/wp-json\/wp\/v2\/media\/5210"}],"wp:attachment":[{"href":"https:\/\/prensapresidencialvenezuela.gob.ve\/index.php\/wp-json\/wp\/v2\/media?parent=5209"}],"wp:term":[{"taxonomy":"category","embeddable":true,"href":"https:\/\/prensapresidencialvenezuela.gob.ve\/index.php\/wp-json\/wp\/v2\/categories?post=5209"},{"taxonomy":"post_tag","embeddable":true,"href":"https:\/\/prensapresidencialvenezuela.gob.ve\/index.php\/wp-json\/wp\/v2\/tags?post=5209"}],"curies":[{"name":"wp","href":"https:\/\/api.w.org\/{rel}","templated":true}]}}