{"id":52234,"date":"2026-08-31T15:46:12","date_gmt":"2026-08-31T19:46:12","guid":{"rendered":"https:\/\/prensapresidencialvenezuela.gob.ve\/?p=52234"},"modified":"2026-08-31T15:47:39","modified_gmt":"2026-08-31T19:47:39","slug":"presidenta-delcy-rodriguez-lidero-encuentro-con-la-direccion-nacional-del-psuv-y-jpsuv","status":"publish","type":"post","link":"https:\/\/prensapresidencialvenezuela.gob.ve\/index.php\/2026\/08\/31\/presidenta-delcy-rodriguez-lidero-encuentro-con-la-direccion-nacional-del-psuv-y-jpsuv\/","title":{"rendered":"Presidenta Delcy Rodr\u00edguez lider\u00f3 encuentro con la Direcci\u00f3n Nacional del PSUV y JPSUV"},"content":{"rendered":"\n<p class=\"wp-block-paragraph\"><strong>Caracas, Venezuela. \u2013<\/strong> La presidenta de la Rep\u00fablica Bolivariana de Venezuela, Delcy Rodr\u00edguez lider\u00f3, este lunes, una importante reuni\u00f3n de trabajo con la Direcci\u00f3n Nacional del Partido Socialista Unido de Venezuela (PSUV) y la Juventud del partido (JPSUV).<\/p>\n\n\n\n<figure class=\"wp-block-gallery has-nested-images columns-default is-cropped wp-block-gallery-1 is-layout-flex wp-block-gallery-is-layout-flex\">\n<figure class=\"wp-block-image size-large\"><img fetchpriority=\"high\" decoding=\"async\" width=\"1024\" height=\"683\" data-id=\"52239\" src=\"https:\/\/prensapresidencialvenezuela.gob.ve\/wp-content\/uploads\/2026\/08\/IMG_1273-1024x683.jpg\" alt=\"\" class=\"wp-image-52239\" srcset=\"https:\/\/prensapresidencialvenezuela.gob.ve\/wp-content\/uploads\/2026\/08\/IMG_1273-1024x683.jpg 1024w, https:\/\/prensapresidencialvenezuela.gob.ve\/wp-content\/uploads\/2026\/08\/IMG_1273-300x200.jpg 300w, https:\/\/prensapresidencialvenezuela.gob.ve\/wp-content\/uploads\/2026\/08\/IMG_1273-768x512.jpg 768w, https:\/\/prensapresidencialvenezuela.gob.ve\/wp-content\/uploads\/2026\/08\/IMG_1273-1536x1024.jpg 1536w, https:\/\/prensapresidencialvenezuela.gob.ve\/wp-content\/uploads\/2026\/08\/IMG_1273-2048x1365.jpg 2048w\" sizes=\"(max-width: 1024px) 100vw, 1024px\" \/><\/figure>\n\n\n\n<figure class=\"wp-block-image size-large\"><img decoding=\"async\" width=\"1024\" height=\"676\" data-id=\"52237\" src=\"https:\/\/prensapresidencialvenezuela.gob.ve\/wp-content\/uploads\/2026\/08\/06_08EG__1078_P_P-1024x676.jpg\" alt=\"\" class=\"wp-image-52237\" srcset=\"https:\/\/prensapresidencialvenezuela.gob.ve\/wp-content\/uploads\/2026\/08\/06_08EG__1078_P_P-1024x676.jpg 1024w, https:\/\/prensapresidencialvenezuela.gob.ve\/wp-content\/uploads\/2026\/08\/06_08EG__1078_P_P-300x198.jpg 300w, https:\/\/prensapresidencialvenezuela.gob.ve\/wp-content\/uploads\/2026\/08\/06_08EG__1078_P_P-768x507.jpg 768w, https:\/\/prensapresidencialvenezuela.gob.ve\/wp-content\/uploads\/2026\/08\/06_08EG__1078_P_P-1536x1014.jpg 1536w, https:\/\/prensapresidencialvenezuela.gob.ve\/wp-content\/uploads\/2026\/08\/06_08EG__1078_P_P-2048x1352.jpg 2048w\" sizes=\"(max-width: 1024px) 100vw, 1024px\" \/><\/figure>\n\n\n\n<figure class=\"wp-block-image size-large\"><img decoding=\"async\" width=\"1024\" height=\"666\" data-id=\"52238\" src=\"https:\/\/prensapresidencialvenezuela.gob.ve\/wp-content\/uploads\/2026\/08\/07_10EG__1103_P_P-1024x666.jpg\" alt=\"\" class=\"wp-image-52238\" srcset=\"https:\/\/prensapresidencialvenezuela.gob.ve\/wp-content\/uploads\/2026\/08\/07_10EG__1103_P_P-1024x666.jpg 1024w, https:\/\/prensapresidencialvenezuela.gob.ve\/wp-content\/uploads\/2026\/08\/07_10EG__1103_P_P-300x195.jpg 300w, https:\/\/prensapresidencialvenezuela.gob.ve\/wp-content\/uploads\/2026\/08\/07_10EG__1103_P_P-768x500.jpg 768w, https:\/\/prensapresidencialvenezuela.gob.ve\/wp-content\/uploads\/2026\/08\/07_10EG__1103_P_P-1536x999.jpg 1536w, https:\/\/prensapresidencialvenezuela.gob.ve\/wp-content\/uploads\/2026\/08\/07_10EG__1103_P_P-2048x1332.jpg 2048w\" sizes=\"(max-width: 1024px) 100vw, 1024px\" \/><\/figure>\n<\/figure>\n\n\n\n<p class=\"wp-block-paragraph\"><br><br>Durante el encuentro, se evaluaron los avances del Plan Venezuela Renace, iniciativa orientada a la reconstrucci\u00f3n y rehabilitaci\u00f3n integral de las viviendas e infraestructuras afectadas por el doblete s\u00edsmico del pasado 24 de junio.<br><br>C\u00f3mo se recordar\u00e1, este plan prioriza la atenci\u00f3n directa a las familias, principalmente en el estado La Guaira, pero ampl\u00eda su acci\u00f3n a todos los territorios afectados.<br><br>Asimismo, revisaron los preparativos para la Consulta Popular del pr\u00f3ximo 18 de octubre. Este mecanismo busca consolidar la participaci\u00f3n protag\u00f3nica de los circuitos comunales en la gesti\u00f3n de proyectos territoriales, permitiendo as\u00ed que las propias comunidades prioricen, aprueben y ejecuten los recursos asignados para su desarrollo.<br><\/p>\n\n\n\n<p class=\"wp-block-paragraph\">Recientemente el PSUV ratific\u00f3, mediante un comunicado oficial, su respaldo a los anuncios de la presidenta Delcy Rodr\u00edguez sobre el acuerdo energ\u00e9tico suscrito con el gobierno de los Estados Unidos.<\/p>\n\n\n\n<p class=\"wp-block-paragraph\">Prensa Presidencial\/ Irmary D\u00edaz<\/p>\n\n\n\n<p class=\"wp-block-paragraph\"><canvas width=\"20\" height=\"20\"><\/canvas><\/p>\n","protected":false},"excerpt":{"rendered":"<p>Caracas, Venezuela. \u2013 La presidenta de la Rep\u00fablica Bolivariana de Venezuela, Delcy Rodr\u00edguez lider\u00f3, este lunes, una importante reuni\u00f3n de trabajo con la Direcci\u00f3n Nacional del Partido Socialista Unido de Venezuela (PSUV) y la Juventud del partido (JPSUV). Durante el encuentro, se evaluaron los avances del Plan Venezuela Renace, iniciativa orientada a la reconstrucci\u00f3n y [&hellip;]<\/p>\n","protected":false},"author":15,"featured_media":52236,"comment_status":"open","ping_status":"open","sticky":false,"template":"","format":"standard","meta":{"footnotes":""},"categories":[18,7],"tags":[],"class_list":["post-52234","post","type-post","status-publish","format-standard","has-post-thumbnail","hentry","category-noticias-principales","category-notas-de-prensa"],"_links":{"self":[{"href":"https:\/\/prensapresidencialvenezuela.gob.ve\/index.php\/wp-json\/wp\/v2\/posts\/52234","targetHints":{"allow":["GET"]}}],"collection":[{"href":"https:\/\/prensapresidencialvenezuela.gob.ve\/index.php\/wp-json\/wp\/v2\/posts"}],"about":[{"href":"https:\/\/prensapresidencialvenezuela.gob.ve\/index.php\/wp-json\/wp\/v2\/types\/post"}],"author":[{"embeddable":true,"href":"https:\/\/prensapresidencialvenezuela.gob.ve\/index.php\/wp-json\/wp\/v2\/users\/15"}],"replies":[{"embeddable":true,"href":"https:\/\/prensapresidencialvenezuela.gob.ve\/index.php\/wp-json\/wp\/v2\/comments?post=52234"}],"version-history":[{"count":2,"href":"https:\/\/prensapresidencialvenezuela.gob.ve\/index.php\/wp-json\/wp\/v2\/posts\/52234\/revisions"}],"predecessor-version":[{"id":52242,"href":"https:\/\/prensapresidencialvenezuela.gob.ve\/index.php\/wp-json\/wp\/v2\/posts\/52234\/revisions\/52242"}],"wp:featuredmedia":[{"embeddable":true,"href":"https:\/\/prensapresidencialvenezuela.gob.ve\/index.php\/wp-json\/wp\/v2\/media\/52236"}],"wp:attachment":[{"href":"https:\/\/prensapresidencialvenezuela.gob.ve\/index.php\/wp-json\/wp\/v2\/media?parent=52234"}],"wp:term":[{"taxonomy":"category","embeddable":true,"href":"https:\/\/prensapresidencialvenezuela.gob.ve\/index.php\/wp-json\/wp\/v2\/categories?post=52234"},{"taxonomy":"post_tag","embeddable":true,"href":"https:\/\/prensapresidencialvenezuela.gob.ve\/index.php\/wp-json\/wp\/v2\/tags?post=52234"}],"curies":[{"name":"wp","href":"https:\/\/api.w.org\/{rel}","templated":true}]}}