{"id":52261,"date":"2026-09-01T10:42:34","date_gmt":"2026-09-01T14:42:34","guid":{"rendered":"https:\/\/prensapresidencialvenezuela.gob.ve\/?p=52261"},"modified":"2026-09-01T11:34:01","modified_gmt":"2026-09-01T15:34:01","slug":"especial-una-alianza-de-corazon-entre-los-trabajadores-de-la-construccion-y-la-comunidad-para-el-renacer-de-los-hogares","status":"publish","type":"post","link":"https:\/\/prensapresidencialvenezuela.gob.ve\/index.php\/2026\/09\/01\/especial-una-alianza-de-corazon-entre-los-trabajadores-de-la-construccion-y-la-comunidad-para-el-renacer-de-los-hogares\/","title":{"rendered":"ESPECIAL || Una alianza de coraz\u00f3n entre los trabajadores de la construcci\u00f3n y la comunidad para el renacer de los hogares"},"content":{"rendered":"\n<p class=\"wp-block-paragraph\"><strong>Altamira, estado Miranda. &#8211;<\/strong> Entre el polvo y el andamio, la reconstrucci\u00f3n no avanza solo con planos, sino con manos. En las viviendas que el sismo sacudi\u00f3, el personal de la construcci\u00f3n levanta paredes codo a codo con quienes habitan el lugar, en una alianza que la presidenta de la Rep\u00fablica Bolivariana de Venezuela, Delcy Rodr\u00edguez, resumi\u00f3 al recordar que la respuesta inicial naci\u00f3 de la gente organizada, los bomberos, el personal de salud y los propios vecinos.<\/p>\n\n\n\n<figure class=\"wp-block-image size-large\"><img fetchpriority=\"high\" decoding=\"async\" width=\"1024\" height=\"677\" src=\"https:\/\/prensapresidencialvenezuela.gob.ve\/wp-content\/uploads\/2026\/09\/02EG__1491_P-1024x677.jpg\" alt=\"\" class=\"wp-image-52263\" srcset=\"https:\/\/prensapresidencialvenezuela.gob.ve\/wp-content\/uploads\/2026\/09\/02EG__1491_P-1024x677.jpg 1024w, https:\/\/prensapresidencialvenezuela.gob.ve\/wp-content\/uploads\/2026\/09\/02EG__1491_P-300x198.jpg 300w, https:\/\/prensapresidencialvenezuela.gob.ve\/wp-content\/uploads\/2026\/09\/02EG__1491_P-768x507.jpg 768w, https:\/\/prensapresidencialvenezuela.gob.ve\/wp-content\/uploads\/2026\/09\/02EG__1491_P-1536x1015.jpg 1536w, https:\/\/prensapresidencialvenezuela.gob.ve\/wp-content\/uploads\/2026\/09\/02EG__1491_P-2048x1353.jpg 2048w\" sizes=\"(max-width: 1024px) 100vw, 1024px\" \/><figcaption class=\"wp-element-caption\">Prensa Presidencial<\/figcaption><\/figure>\n\n\n\n<h4 class=\"wp-block-heading\"><strong>El proceso exige t\u00e9cnica, pero sobre todo confianza<\/strong><\/h4>\n\n\n\n<p class=\"wp-block-paragraph\">Los vecinos abren las puertas de sus hogares, trasladan sus pertenencias y ense\u00f1an las heridas de su casa, la grieta exacta, la esquina que cedi\u00f3, el crujido de la noche.<\/p>\n\n\n\n<figure class=\"wp-block-image size-large\"><img decoding=\"async\" width=\"1024\" height=\"685\" src=\"https:\/\/prensapresidencialvenezuela.gob.ve\/wp-content\/uploads\/2026\/09\/10EG__1564_P-1-1024x685.jpg\" alt=\"\" class=\"wp-image-52269\" srcset=\"https:\/\/prensapresidencialvenezuela.gob.ve\/wp-content\/uploads\/2026\/09\/10EG__1564_P-1-1024x685.jpg 1024w, https:\/\/prensapresidencialvenezuela.gob.ve\/wp-content\/uploads\/2026\/09\/10EG__1564_P-1-300x201.jpg 300w, https:\/\/prensapresidencialvenezuela.gob.ve\/wp-content\/uploads\/2026\/09\/10EG__1564_P-1-768x513.jpg 768w, https:\/\/prensapresidencialvenezuela.gob.ve\/wp-content\/uploads\/2026\/09\/10EG__1564_P-1-1536x1027.jpg 1536w, https:\/\/prensapresidencialvenezuela.gob.ve\/wp-content\/uploads\/2026\/09\/10EG__1564_P-1-2048x1369.jpg 2048w\" sizes=\"(max-width: 1024px) 100vw, 1024px\" \/><figcaption class=\"wp-element-caption\">Prensa Presidencial<\/figcaption><\/figure>\n\n\n\n<p class=\"wp-block-paragraph\"><strong>\u00c1ngel Prieto, trabajador de la construcci\u00f3n<\/strong>, conoce bien esa confianza desde el otro lado, cuenta que apenas sinti\u00f3 dos r\u00e9plicas esta semana estando en su propia casa, lo primero que le vino a la mente fue el conjunto donde trabaja, las paredes que a\u00fan est\u00e1n d\u00e9biles y el esfuerzo por rehabilitarlas. Su esposa, recuerda, solo le pidi\u00f3 cuidarse, porque nunca se sabe del siguiente temblor, aunque con fe en que todo saldr\u00eda bien.<\/p>\n\n\n\n<p class=\"wp-block-paragraph\">Esa misma confianza la sostiene <strong>H\u00e9ctor Torres, propietario del edificio Marco Aurelio<\/strong>, en la avenida Sur de Altamira, quien vivi\u00f3 el sismo entre baldosas que volaban y paredes que se cuarteaban, y para quien salir con vida de ese hecho tiene un solo nombre, renacer. <strong>Torres Serrano dice que la palabra Venezuela Renace no se le va a olvidar y que seguir\u00e1 cont\u00e1ndola a quien quiera escucharla.<\/strong><\/p>\n\n\n\n<figure class=\"wp-block-image size-large\"><img decoding=\"async\" width=\"1024\" height=\"838\" src=\"https:\/\/prensapresidencialvenezuela.gob.ve\/wp-content\/uploads\/2026\/09\/15EG__1592_P-1-1024x838.jpg\" alt=\"\" class=\"wp-image-52270\" srcset=\"https:\/\/prensapresidencialvenezuela.gob.ve\/wp-content\/uploads\/2026\/09\/15EG__1592_P-1-1024x838.jpg 1024w, https:\/\/prensapresidencialvenezuela.gob.ve\/wp-content\/uploads\/2026\/09\/15EG__1592_P-1-300x246.jpg 300w, https:\/\/prensapresidencialvenezuela.gob.ve\/wp-content\/uploads\/2026\/09\/15EG__1592_P-1-768x629.jpg 768w, https:\/\/prensapresidencialvenezuela.gob.ve\/wp-content\/uploads\/2026\/09\/15EG__1592_P-1-1536x1257.jpg 1536w, https:\/\/prensapresidencialvenezuela.gob.ve\/wp-content\/uploads\/2026\/09\/15EG__1592_P-1-2048x1676.jpg 2048w\" sizes=\"(max-width: 1024px) 100vw, 1024px\" \/><figcaption class=\"wp-element-caption\">Prensa Presidencial<\/figcaption><\/figure>\n\n\n\n<p class=\"wp-block-paragraph\">Parte de esa fuerza de trabajo llega hoy formada bajo el <strong>Programa Nacional de Formaci\u00f3n para Trabajadores de la Construcci\u00f3n<\/strong>, una iniciativa articulada entre <strong>distintos ministerios, el Inces y el Plan Venezuela Renace<\/strong> para profesionalizar oficios como la plomer\u00eda, la alba\u00f1iler\u00eda y la electricidad, e incorporar a m\u00e1s manos a la recuperaci\u00f3n de las zonas afectadas.<\/p>\n\n\n\n<p class=\"wp-block-paragraph\">Entre quienes ya forman parte de esas cuadrillas est\u00e1<strong> Leonel Jaimes, de apenas 21 a\u00f1os<\/strong>, quien lleva poco m\u00e1s de dos semanas trabajando en este edificio.<\/p>\n\n\n\n<p class=\"wp-block-paragraph\"><strong>Jaimes cuenta que lo que m\u00e1s lo ha marcado es la amabilidad de los vecinos<\/strong>, que sin deberle nada a los trabajadores igual comparten con ellos el caf\u00e9 de la ma\u00f1ana o la comida del d\u00eda, un gesto que dice haberle ense\u00f1ado a no juzgar a nadie por las apariencias. Para \u00e9l, ver el trabajo avanzar por encima de cualquier diferencia pol\u00edtica es la mejor muestra de que la uni\u00f3n, cuando es genuina, no distingue partidos.<\/p>\n\n\n\n<figure class=\"wp-block-image size-large\"><img loading=\"lazy\" decoding=\"async\" width=\"1024\" height=\"752\" src=\"https:\/\/prensapresidencialvenezuela.gob.ve\/wp-content\/uploads\/2026\/09\/40EG__1268_P-scaled-e1788273602479-1024x752.jpg\" alt=\"\" class=\"wp-image-52267\" srcset=\"https:\/\/prensapresidencialvenezuela.gob.ve\/wp-content\/uploads\/2026\/09\/40EG__1268_P-scaled-e1788273602479-1024x752.jpg 1024w, https:\/\/prensapresidencialvenezuela.gob.ve\/wp-content\/uploads\/2026\/09\/40EG__1268_P-scaled-e1788273602479-300x220.jpg 300w, https:\/\/prensapresidencialvenezuela.gob.ve\/wp-content\/uploads\/2026\/09\/40EG__1268_P-scaled-e1788273602479-768x564.jpg 768w, https:\/\/prensapresidencialvenezuela.gob.ve\/wp-content\/uploads\/2026\/09\/40EG__1268_P-scaled-e1788273602479-1536x1128.jpg 1536w, https:\/\/prensapresidencialvenezuela.gob.ve\/wp-content\/uploads\/2026\/09\/40EG__1268_P-scaled-e1788273602479-2048x1504.jpg 2048w\" sizes=\"(max-width: 1024px) 100vw, 1024px\" \/><figcaption class=\"wp-element-caption\">Prensa Presidencial<\/figcaption><\/figure>\n\n\n\n<h4 class=\"wp-block-heading\"><strong>La tarea no se limita a despejar terreno<\/strong><\/h4>\n\n\n\n<p class=\"wp-block-paragraph\">A trav\u00e9s del <strong>Plan Despeje Digno y Seguro<\/strong>, equipos locales, t\u00e9cnicos internacionales y especialistas de las<strong> Naciones Unidas <\/strong>avanzan en el retiro de escombros. Como se\u00f1al\u00f3 la Presidenta durante su balance, <strong><em>\u00abesos escombros no son simplemente materiales que hay que retirar, all\u00ed estuvieron hogares, recuerdos y la historia entera de una familia\u00bb.<\/em><\/strong><\/p>\n\n\n\n<p class=\"wp-block-paragraph\">Ese respeto por lo que cada obra representa lo resume tambi\u00e9n \u00c1ngel Prieto, quien entre los almuerzos compartidos con las familias del edificio dice haberse quedado con un aprendizaje que le toc\u00f3 el coraz\u00f3n,<strong><em> \u00abreparar el hogar de una familia que no era la suya\u00bb.<\/em><\/strong><\/p>\n\n\n\n<p class=\"wp-block-paragraph\"><strong><em>\u00abEl futuro est\u00e1 delante de nosotros y nos pertenece\u00bb, <\/em><\/strong>afirm\u00f3 la jefa de Estado, Delcy Rodr\u00edguez, al cierre de su balance, una certeza que en cada casa, edificio y espacio reconstruido adquiere una forma palpable, la posibilidad de volver a habitar un hogar seguro.<\/p>\n\n\n\n<p class=\"wp-block-paragraph\"><strong>Prensa Presidencial \/ Kaylib Maita<\/strong><\/p>\n","protected":false},"excerpt":{"rendered":"<p>Altamira, estado Miranda. &#8211; Entre el polvo y el andamio, la reconstrucci\u00f3n no avanza solo con planos, sino con manos. En las viviendas que el sismo sacudi\u00f3, el personal de la construcci\u00f3n levanta paredes codo a codo con quienes habitan el lugar, en una alianza que la presidenta de la Rep\u00fablica Bolivariana de Venezuela, Delcy [&hellip;]<\/p>\n","protected":false},"author":21,"featured_media":52262,"comment_status":"open","ping_status":"open","sticky":false,"template":"","format":"standard","meta":{"footnotes":""},"categories":[18,10],"tags":[2278,2186,20],"class_list":["post-52261","post","type-post","status-publish","format-standard","has-post-thumbnail","hentry","category-noticias-principales","category-especiales","tag-altamira","tag-plan-venezuela-renace","tag-venezuela"],"_links":{"self":[{"href":"https:\/\/prensapresidencialvenezuela.gob.ve\/index.php\/wp-json\/wp\/v2\/posts\/52261","targetHints":{"allow":["GET"]}}],"collection":[{"href":"https:\/\/prensapresidencialvenezuela.gob.ve\/index.php\/wp-json\/wp\/v2\/posts"}],"about":[{"href":"https:\/\/prensapresidencialvenezuela.gob.ve\/index.php\/wp-json\/wp\/v2\/types\/post"}],"author":[{"embeddable":true,"href":"https:\/\/prensapresidencialvenezuela.gob.ve\/index.php\/wp-json\/wp\/v2\/users\/21"}],"replies":[{"embeddable":true,"href":"https:\/\/prensapresidencialvenezuela.gob.ve\/index.php\/wp-json\/wp\/v2\/comments?post=52261"}],"version-history":[{"count":2,"href":"https:\/\/prensapresidencialvenezuela.gob.ve\/index.php\/wp-json\/wp\/v2\/posts\/52261\/revisions"}],"predecessor-version":[{"id":52290,"href":"https:\/\/prensapresidencialvenezuela.gob.ve\/index.php\/wp-json\/wp\/v2\/posts\/52261\/revisions\/52290"}],"wp:featuredmedia":[{"embeddable":true,"href":"https:\/\/prensapresidencialvenezuela.gob.ve\/index.php\/wp-json\/wp\/v2\/media\/52262"}],"wp:attachment":[{"href":"https:\/\/prensapresidencialvenezuela.gob.ve\/index.php\/wp-json\/wp\/v2\/media?parent=52261"}],"wp:term":[{"taxonomy":"category","embeddable":true,"href":"https:\/\/prensapresidencialvenezuela.gob.ve\/index.php\/wp-json\/wp\/v2\/categories?post=52261"},{"taxonomy":"post_tag","embeddable":true,"href":"https:\/\/prensapresidencialvenezuela.gob.ve\/index.php\/wp-json\/wp\/v2\/tags?post=52261"}],"curies":[{"name":"wp","href":"https:\/\/api.w.org\/{rel}","templated":true}]}}