{"id":52273,"date":"2026-09-01T11:19:59","date_gmt":"2026-09-01T15:19:59","guid":{"rendered":"https:\/\/prensapresidencialvenezuela.gob.ve\/?p=52273"},"modified":"2026-09-01T11:35:16","modified_gmt":"2026-09-01T15:35:16","slug":"en-altamira-el-plan-venezuela-renace-avanza-reconstruyendo-el-futuro-de-1-473-personas","status":"publish","type":"post","link":"https:\/\/prensapresidencialvenezuela.gob.ve\/index.php\/2026\/09\/01\/en-altamira-el-plan-venezuela-renace-avanza-reconstruyendo-el-futuro-de-1-473-personas\/","title":{"rendered":"ESPECIAL || En Altamira el Plan Venezuela Renace avanza reconstruyendo el futuro de 1.473 personas"},"content":{"rendered":"\n<p class=\"wp-block-paragraph\"><strong>Altamira, estado Miranda. &#8211;<\/strong> Detr\u00e1s de cada rehabilitaci\u00f3n y cada cr\u00e9dito entregado en El Dorado de Altamira hay una historia distinta, la de quien vio caer paredes completas de su edificio, la de quien estuvo en un campamento transitorio, o la de quien hoy cuida a un padre de 86 a\u00f1os mientras su propio local comercial se reconstruye.<\/p>\n\n\n\n<p class=\"wp-block-paragraph\">Son los 17 edificios y las m\u00e1s de 1.400 personas que el <strong>\u00abPlan Venezuela Renace\u00bb<\/strong> convirti\u00f3 en <strong>beneficiarios directos de rehabilitaci\u00f3n estructural y financiamiento del Banco Digital de los Trabajadores<\/strong>, pero tambi\u00e9n son, sobre todo, personas que llevan <strong>dos meses reconstruyendo su vida a la par de sus viviendas.<\/strong><\/p>\n\n\n\n<figure class=\"wp-block-image size-large\"><img fetchpriority=\"high\" decoding=\"async\" width=\"1024\" height=\"700\" src=\"https:\/\/prensapresidencialvenezuela.gob.ve\/wp-content\/uploads\/2026\/09\/41EG__1290_P-1-1024x700.jpg\" alt=\"\" class=\"wp-image-52280\" srcset=\"https:\/\/prensapresidencialvenezuela.gob.ve\/wp-content\/uploads\/2026\/09\/41EG__1290_P-1-1024x700.jpg 1024w, https:\/\/prensapresidencialvenezuela.gob.ve\/wp-content\/uploads\/2026\/09\/41EG__1290_P-1-300x205.jpg 300w, https:\/\/prensapresidencialvenezuela.gob.ve\/wp-content\/uploads\/2026\/09\/41EG__1290_P-1-768x525.jpg 768w, https:\/\/prensapresidencialvenezuela.gob.ve\/wp-content\/uploads\/2026\/09\/41EG__1290_P-1-1536x1050.jpg 1536w, https:\/\/prensapresidencialvenezuela.gob.ve\/wp-content\/uploads\/2026\/09\/41EG__1290_P-1-2048x1400.jpg 2048w\" sizes=\"(max-width: 1024px) 100vw, 1024px\" \/><figcaption class=\"wp-element-caption\">Prensa Presidencial<\/figcaption><\/figure>\n\n\n\n<p class=\"wp-block-paragraph\">En el <strong>edificio Marco Aurelio, <\/strong>en la avenida Sur de Altamira,<strong> Luis Valero<\/strong> recuerda algunos de los apartamentos como los m\u00e1s golpeados por el sismo, con paredes que se vinieron abajo por completo. Cuenta que la atenci\u00f3n lleg\u00f3 sin demoras burocr\u00e1ticas, <strong><em>\u00abfue atendida la emergencia y autom\u00e1ticamente, en cuesti\u00f3n de semanas, nos prestaron la ayuda\u00bb.<\/em><\/strong><\/p>\n\n\n\n<figure class=\"wp-block-image size-large\"><img decoding=\"async\" width=\"1024\" height=\"710\" src=\"https:\/\/prensapresidencialvenezuela.gob.ve\/wp-content\/uploads\/2026\/09\/20EG__1648_P-1-1024x710.jpg\" alt=\"\" class=\"wp-image-52279\" srcset=\"https:\/\/prensapresidencialvenezuela.gob.ve\/wp-content\/uploads\/2026\/09\/20EG__1648_P-1-1024x710.jpg 1024w, https:\/\/prensapresidencialvenezuela.gob.ve\/wp-content\/uploads\/2026\/09\/20EG__1648_P-1-300x208.jpg 300w, https:\/\/prensapresidencialvenezuela.gob.ve\/wp-content\/uploads\/2026\/09\/20EG__1648_P-1-768x533.jpg 768w, https:\/\/prensapresidencialvenezuela.gob.ve\/wp-content\/uploads\/2026\/09\/20EG__1648_P-1-1536x1065.jpg 1536w, https:\/\/prensapresidencialvenezuela.gob.ve\/wp-content\/uploads\/2026\/09\/20EG__1648_P-1-2048x1420.jpg 2048w\" sizes=\"(max-width: 1024px) 100vw, 1024px\" \/><figcaption class=\"wp-element-caption\">Prensa Presidencial<\/figcaption><\/figure>\n\n\n\n<p class=\"wp-block-paragraph\">En el mismo edificio, <strong>Mireya Rojas<\/strong> todav\u00eda espera turno mientras avanzan primero los pisos bajos, los m\u00e1s comprometidos. Antes de volver a su hogar pas\u00f3 por la iglesia El Buen Pastor y luego por un campamento transitorio instalado en la plaza Altamira. De esa experiencia dice haber salido distinta,<strong><em> \u00abm\u00e1s sensible, m\u00e1s humana\u00bb<\/em><\/strong>, y sobre lo que representa hoy este plan resume, <strong><em>\u00abVenezuela Renace para m\u00ed es algo que nos lleg\u00f3 como una luz\u00bb.<\/em><\/strong><\/p>\n\n\n\n<p class=\"wp-block-paragraph\">En otro edificio de la zona, <strong>Vanda Da Silva<\/strong> <strong>agradece el acompa\u00f1amiento del Ejecutivo Nacional y la Alcald\u00eda de Chacao<\/strong>, <strong>presente desde el primer d\u00eda en un inmueble donde viven varios adultos mayores, entre ellos su padre.<\/strong><\/p>\n\n\n\n<figure class=\"wp-block-image size-large\"><img decoding=\"async\" width=\"1024\" height=\"692\" src=\"https:\/\/prensapresidencialvenezuela.gob.ve\/wp-content\/uploads\/2026\/09\/35EG__1782_P-1024x692.jpg\" alt=\"\" class=\"wp-image-52275\" srcset=\"https:\/\/prensapresidencialvenezuela.gob.ve\/wp-content\/uploads\/2026\/09\/35EG__1782_P-1024x692.jpg 1024w, https:\/\/prensapresidencialvenezuela.gob.ve\/wp-content\/uploads\/2026\/09\/35EG__1782_P-300x203.jpg 300w, https:\/\/prensapresidencialvenezuela.gob.ve\/wp-content\/uploads\/2026\/09\/35EG__1782_P-768x519.jpg 768w, https:\/\/prensapresidencialvenezuela.gob.ve\/wp-content\/uploads\/2026\/09\/35EG__1782_P-1536x1038.jpg 1536w, https:\/\/prensapresidencialvenezuela.gob.ve\/wp-content\/uploads\/2026\/09\/35EG__1782_P-2048x1384.jpg 2048w\" sizes=\"(max-width: 1024px) 100vw, 1024px\" \/><figcaption class=\"wp-element-caption\">Prensa Presidencial<\/figcaption><\/figure>\n\n\n\n<p class=\"wp-block-paragraph\">Da Silva, que adem\u00e1s tiene un local comercial afectado, describe el apoyo recibido por parte del Ejecutivo Nacional como <strong><em>\u00abuna bendici\u00f3n\u00bb<\/em><\/strong> y adelanta que lo destinar\u00e1 a reponer puertas y vidrios rotos, un respaldo que se combina con el apoyo recibido para la autoridad municipal.<\/p>\n\n\n\n<p class=\"wp-block-paragraph\">Sobre lo vivido aquel 24 de junio resume con una frase que qued\u00f3 grabada entre los vecinos, <strong><em>\u00aben 39 segundos se te cambi\u00f3 la vida totalmente\u00bb<\/em><\/strong>, y define <strong>Venezuela Renace<\/strong> como <strong><em>\u00abun granito en este gran mar de gente\u00bb<\/em><\/strong> que hoy sostiene a las familias afectadas.<\/p>\n\n\n\n<figure class=\"wp-block-image size-large\"><img loading=\"lazy\" decoding=\"async\" width=\"1024\" height=\"719\" src=\"https:\/\/prensapresidencialvenezuela.gob.ve\/wp-content\/uploads\/2026\/09\/17EG__1614_P-1-1024x719.jpg\" alt=\"\" class=\"wp-image-52277\" srcset=\"https:\/\/prensapresidencialvenezuela.gob.ve\/wp-content\/uploads\/2026\/09\/17EG__1614_P-1-1024x719.jpg 1024w, https:\/\/prensapresidencialvenezuela.gob.ve\/wp-content\/uploads\/2026\/09\/17EG__1614_P-1-300x211.jpg 300w, https:\/\/prensapresidencialvenezuela.gob.ve\/wp-content\/uploads\/2026\/09\/17EG__1614_P-1-768x539.jpg 768w, https:\/\/prensapresidencialvenezuela.gob.ve\/wp-content\/uploads\/2026\/09\/17EG__1614_P-1-1536x1079.jpg 1536w, https:\/\/prensapresidencialvenezuela.gob.ve\/wp-content\/uploads\/2026\/09\/17EG__1614_P-1-2048x1439.jpg 2048w\" sizes=\"(max-width: 1024px) 100vw, 1024px\" \/><figcaption class=\"wp-element-caption\">Prensa Presidencial<\/figcaption><\/figure>\n\n\n\n<p class=\"wp-block-paragraph\">Tres historias, un mismo punto de partida y un mismo destino, la posibilidad de volver a habitar lo que el sismo intent\u00f3 quitarles. <strong>El Plan Venezuela Renace avanza con amor y solidaridad<\/strong>, se brinda una atenci\u00f3n integral a las familias afectadas por el doblete s\u00edsmico, demostrando que no solo se restituyen estructuras f\u00edsicas, sino que <strong>se devuelve la tranquilidad, la dignidad y la certeza de que ning\u00fan vecino, ninguna familia camina solo en la reconstrucci\u00f3n de su hogar.<\/strong><\/p>\n\n\n\n<p class=\"wp-block-paragraph\"><strong>Prensa Presidencial \/ Kaylib Maita<\/strong><\/p>\n","protected":false},"excerpt":{"rendered":"<p>Altamira, estado Miranda. &#8211; Detr\u00e1s de cada rehabilitaci\u00f3n y cada cr\u00e9dito entregado en El Dorado de Altamira hay una historia distinta, la de quien vio caer paredes completas de su edificio, la de quien estuvo en un campamento transitorio, o la de quien hoy cuida a un padre de 86 a\u00f1os mientras su propio local [&hellip;]<\/p>\n","protected":false},"author":21,"featured_media":52274,"comment_status":"open","ping_status":"open","sticky":false,"template":"","format":"standard","meta":{"footnotes":""},"categories":[18,10],"tags":[2278,2186,20],"class_list":["post-52273","post","type-post","status-publish","format-standard","has-post-thumbnail","hentry","category-noticias-principales","category-especiales","tag-altamira","tag-plan-venezuela-renace","tag-venezuela"],"_links":{"self":[{"href":"https:\/\/prensapresidencialvenezuela.gob.ve\/index.php\/wp-json\/wp\/v2\/posts\/52273","targetHints":{"allow":["GET"]}}],"collection":[{"href":"https:\/\/prensapresidencialvenezuela.gob.ve\/index.php\/wp-json\/wp\/v2\/posts"}],"about":[{"href":"https:\/\/prensapresidencialvenezuela.gob.ve\/index.php\/wp-json\/wp\/v2\/types\/post"}],"author":[{"embeddable":true,"href":"https:\/\/prensapresidencialvenezuela.gob.ve\/index.php\/wp-json\/wp\/v2\/users\/21"}],"replies":[{"embeddable":true,"href":"https:\/\/prensapresidencialvenezuela.gob.ve\/index.php\/wp-json\/wp\/v2\/comments?post=52273"}],"version-history":[{"count":3,"href":"https:\/\/prensapresidencialvenezuela.gob.ve\/index.php\/wp-json\/wp\/v2\/posts\/52273\/revisions"}],"predecessor-version":[{"id":52288,"href":"https:\/\/prensapresidencialvenezuela.gob.ve\/index.php\/wp-json\/wp\/v2\/posts\/52273\/revisions\/52288"}],"wp:featuredmedia":[{"embeddable":true,"href":"https:\/\/prensapresidencialvenezuela.gob.ve\/index.php\/wp-json\/wp\/v2\/media\/52274"}],"wp:attachment":[{"href":"https:\/\/prensapresidencialvenezuela.gob.ve\/index.php\/wp-json\/wp\/v2\/media?parent=52273"}],"wp:term":[{"taxonomy":"category","embeddable":true,"href":"https:\/\/prensapresidencialvenezuela.gob.ve\/index.php\/wp-json\/wp\/v2\/categories?post=52273"},{"taxonomy":"post_tag","embeddable":true,"href":"https:\/\/prensapresidencialvenezuela.gob.ve\/index.php\/wp-json\/wp\/v2\/tags?post=52273"}],"curies":[{"name":"wp","href":"https:\/\/api.w.org\/{rel}","templated":true}]}}