{"id":52293,"date":"2026-09-01T14:49:21","date_gmt":"2026-09-01T18:49:21","guid":{"rendered":"https:\/\/prensapresidencialvenezuela.gob.ve\/?p=52293"},"modified":"2026-09-01T16:04:05","modified_gmt":"2026-09-01T20:04:05","slug":"presidenta-delcy-rodriguez-supervisa-unidades-de-produccion-porcina-y-avicola-en-caricuao","status":"publish","type":"post","link":"https:\/\/prensapresidencialvenezuela.gob.ve\/index.php\/2026\/09\/01\/presidenta-delcy-rodriguez-supervisa-unidades-de-produccion-porcina-y-avicola-en-caricuao\/","title":{"rendered":"Presidenta Delcy Rodr\u00edguez supervisa unidades de producci\u00f3n porcina y av\u00edcola en Caricuao"},"content":{"rendered":"\n<p class=\"wp-block-paragraph\"><strong>Parroquia<\/strong> <strong>Caricuao. &#8211; <\/strong>\u200bLa <strong>presidenta de la Rep\u00fablica Bolivariana de Venezuela, Delcy Rodr\u00edguez, lidera la inauguraci\u00f3n del Centro de Formaci\u00f3n y Producci\u00f3n Agropecuaria Joven \u00abValle de Beraca\u00bb,<\/strong> ubicado en la Comuna Zool\u00f3gico UD3-CC2 de la parroquia Caricuao, en Caracas.<\/p>\n\n\n\n<p class=\"wp-block-paragraph\">La obra abarca la adecuaci\u00f3n de tres galpones productivos para la cr\u00eda de 120 cerdos lechones, 3.000 pollos de engorde y 1.300 gallinas ponedoras, junto a un vivero de 24 mesas organop\u00f3nicas para el cultivo de hortalizas de ciclo corto.<\/p>\n\n\n\n<figure class=\"wp-block-image size-large\"><img fetchpriority=\"high\" decoding=\"async\" width=\"1024\" height=\"683\" src=\"https:\/\/prensapresidencialvenezuela.gob.ve\/wp-content\/uploads\/2026\/09\/08_ZC__9254_P-1024x683.jpg\" alt=\"\" class=\"wp-image-52294\" srcset=\"https:\/\/prensapresidencialvenezuela.gob.ve\/wp-content\/uploads\/2026\/09\/08_ZC__9254_P-1024x683.jpg 1024w, https:\/\/prensapresidencialvenezuela.gob.ve\/wp-content\/uploads\/2026\/09\/08_ZC__9254_P-300x200.jpg 300w, https:\/\/prensapresidencialvenezuela.gob.ve\/wp-content\/uploads\/2026\/09\/08_ZC__9254_P-768x512.jpg 768w, https:\/\/prensapresidencialvenezuela.gob.ve\/wp-content\/uploads\/2026\/09\/08_ZC__9254_P-1536x1025.jpg 1536w, https:\/\/prensapresidencialvenezuela.gob.ve\/wp-content\/uploads\/2026\/09\/08_ZC__9254_P-2048x1366.jpg 2048w\" sizes=\"(max-width: 1024px) 100vw, 1024px\" \/><\/figure>\n\n\n\n<p class=\"wp-block-paragraph\">En el recorrido est\u00e1n presentes, Sergio Lotartaro, Ministro del Poder Popular para la Juventud; \u200b\u00c1ngel Prado, Ministro del Poder Popular para las Comunas los Movimientos Sociales y Agricultura Urbana; \u200bLuis Villegas, Ministro del Poder Popular de Industrias y Comercio Nacional; junto a autoridades de Caracas.<\/p>\n\n\n\n<figure class=\"wp-block-image size-large\"><img decoding=\"async\" width=\"1024\" height=\"819\" src=\"https:\/\/prensapresidencialvenezuela.gob.ve\/wp-content\/uploads\/2026\/09\/IMG_1463-1024x819.jpg\" alt=\"\" class=\"wp-image-52297\" srcset=\"https:\/\/prensapresidencialvenezuela.gob.ve\/wp-content\/uploads\/2026\/09\/IMG_1463-1024x819.jpg 1024w, https:\/\/prensapresidencialvenezuela.gob.ve\/wp-content\/uploads\/2026\/09\/IMG_1463-300x240.jpg 300w, https:\/\/prensapresidencialvenezuela.gob.ve\/wp-content\/uploads\/2026\/09\/IMG_1463-768x614.jpg 768w, https:\/\/prensapresidencialvenezuela.gob.ve\/wp-content\/uploads\/2026\/09\/IMG_1463-1536x1229.jpg 1536w, https:\/\/prensapresidencialvenezuela.gob.ve\/wp-content\/uploads\/2026\/09\/IMG_1463-2048x1638.jpg 2048w\" sizes=\"(max-width: 1024px) 100vw, 1024px\" \/><\/figure>\n\n\n\n<p class=\"wp-block-paragraph\">\u200bEl espacio agrourbano fortalece la atenci\u00f3n de m\u00e1s de 5.000 familias e integra a 56 j\u00f3venes brigadistas del sector en el desarrollo productivo comunal. Esta jornada institucional contempla adem\u00e1s la revisi\u00f3n de los preparativos para la Segunda Consulta Popular Nacional del pr\u00f3ximo 18 de octubre, proceso que dispondr\u00e1 de 11.412 centros de votaci\u00f3n en todo el territorio venezolano.<\/p>\n\n\n\n<p class=\"wp-block-paragraph\"><strong>Prensa Presidencial \/ Kaylib Maita<\/strong><\/p>\n","protected":false},"excerpt":{"rendered":"<p>Parroquia Caricuao. &#8211; \u200bLa presidenta de la Rep\u00fablica Bolivariana de Venezuela, Delcy Rodr\u00edguez, lidera la inauguraci\u00f3n del Centro de Formaci\u00f3n y Producci\u00f3n Agropecuaria Joven \u00abValle de Beraca\u00bb, ubicado en la Comuna Zool\u00f3gico UD3-CC2 de la parroquia Caricuao, en Caracas. La obra abarca la adecuaci\u00f3n de tres galpones productivos para la cr\u00eda de 120 cerdos lechones, [&hellip;]<\/p>\n","protected":false},"author":21,"featured_media":52303,"comment_status":"open","ping_status":"open","sticky":false,"template":"","format":"standard","meta":{"footnotes":""},"categories":[18,7],"tags":[207,2044,2175,20],"class_list":["post-52293","post","type-post","status-publish","format-standard","has-post-thumbnail","hentry","category-noticias-principales","category-notas-de-prensa","tag-caricuao","tag-economia-comunal","tag-presidenta-delcy-rodriguez","tag-venezuela"],"_links":{"self":[{"href":"https:\/\/prensapresidencialvenezuela.gob.ve\/index.php\/wp-json\/wp\/v2\/posts\/52293","targetHints":{"allow":["GET"]}}],"collection":[{"href":"https:\/\/prensapresidencialvenezuela.gob.ve\/index.php\/wp-json\/wp\/v2\/posts"}],"about":[{"href":"https:\/\/prensapresidencialvenezuela.gob.ve\/index.php\/wp-json\/wp\/v2\/types\/post"}],"author":[{"embeddable":true,"href":"https:\/\/prensapresidencialvenezuela.gob.ve\/index.php\/wp-json\/wp\/v2\/users\/21"}],"replies":[{"embeddable":true,"href":"https:\/\/prensapresidencialvenezuela.gob.ve\/index.php\/wp-json\/wp\/v2\/comments?post=52293"}],"version-history":[{"count":3,"href":"https:\/\/prensapresidencialvenezuela.gob.ve\/index.php\/wp-json\/wp\/v2\/posts\/52293\/revisions"}],"predecessor-version":[{"id":52301,"href":"https:\/\/prensapresidencialvenezuela.gob.ve\/index.php\/wp-json\/wp\/v2\/posts\/52293\/revisions\/52301"}],"wp:featuredmedia":[{"embeddable":true,"href":"https:\/\/prensapresidencialvenezuela.gob.ve\/index.php\/wp-json\/wp\/v2\/media\/52303"}],"wp:attachment":[{"href":"https:\/\/prensapresidencialvenezuela.gob.ve\/index.php\/wp-json\/wp\/v2\/media?parent=52293"}],"wp:term":[{"taxonomy":"category","embeddable":true,"href":"https:\/\/prensapresidencialvenezuela.gob.ve\/index.php\/wp-json\/wp\/v2\/categories?post=52293"},{"taxonomy":"post_tag","embeddable":true,"href":"https:\/\/prensapresidencialvenezuela.gob.ve\/index.php\/wp-json\/wp\/v2\/tags?post=52293"}],"curies":[{"name":"wp","href":"https:\/\/api.w.org\/{rel}","templated":true}]}}