{"id":52304,"date":"2026-09-01T19:17:05","date_gmt":"2026-09-01T23:17:05","guid":{"rendered":"https:\/\/prensapresidencialvenezuela.gob.ve\/?p=52304"},"modified":"2026-09-01T19:18:30","modified_gmt":"2026-09-01T23:18:30","slug":"presidenta-delcy-rodriguez-se-reune-con-el-alto-mando-militar-en-el-palacio-de-miraflores","status":"publish","type":"post","link":"https:\/\/prensapresidencialvenezuela.gob.ve\/index.php\/2026\/09\/01\/presidenta-delcy-rodriguez-se-reune-con-el-alto-mando-militar-en-el-palacio-de-miraflores\/","title":{"rendered":"Presidenta Delcy Rodr\u00edguez se reuni\u00f3 con el Alto Mando Militar en el Palacio de Miraflores"},"content":{"rendered":"\n<p class=\"wp-block-paragraph\"><strong>Caracas, Venezuela. \u2013<\/strong> La presidenta de la Rep\u00fablica Bolivariana de Venezuela, Delcy Rodr\u00edguez, este martes, sostuvo una reuni\u00f3n estrat\u00e9gica con el Alto Mando Militar de la Fuerza Armada Nacional Bolivariana (FANB), desde el Palacio de Miraflores.<\/p>\n\n\n\n<p class=\"wp-block-paragraph\">Durante el encuentro se abordaron diferentes temas de inter\u00e9s nacional, entre los cuales destaca, el apresto operacional que mantiene la Fuerza Armada Nacional Bolivariana (FANB).<\/p>\n\n\n\n<p class=\"wp-block-paragraph\">De igual forma se incluyeron en la agenda aspectos relativos al plan de ahorro energ\u00e9tico y las incidencias de las fuertes precipitaciones consecuencia del fen\u00f3menos meteorol\u00f3gicos como el \u201cS\u00faper Ni\u00f1o\u201d.<\/p>\n\n\n\n<p class=\"wp-block-paragraph\">Asimismo, la instituci\u00f3n militar expres\u00f3 su respaldo y acompa\u00f1amiento, en todos los t\u00e9rminos, al acuerdo energ\u00e9tico estrat\u00e9gico suscrito recientemente entre Venezuela y los Estados Unidos.<\/p>\n\n\n\n<p class=\"wp-block-paragraph\"><strong>Prensa Presidencial\/ Irmary D\u00edaz<\/strong><\/p>\n","protected":false},"excerpt":{"rendered":"<p>Caracas, Venezuela. \u2013 La presidenta de la Rep\u00fablica Bolivariana de Venezuela, Delcy Rodr\u00edguez, este martes, sostuvo una reuni\u00f3n estrat\u00e9gica con el Alto Mando Militar de la Fuerza Armada Nacional Bolivariana (FANB), desde el Palacio de Miraflores. Durante el encuentro se abordaron diferentes temas de inter\u00e9s nacional, entre los cuales destaca, el apresto operacional que mantiene [&hellip;]<\/p>\n","protected":false},"author":15,"featured_media":52305,"comment_status":"open","ping_status":"open","sticky":false,"template":"","format":"standard","meta":{"footnotes":""},"categories":[18,7],"tags":[],"class_list":["post-52304","post","type-post","status-publish","format-standard","has-post-thumbnail","hentry","category-noticias-principales","category-notas-de-prensa"],"_links":{"self":[{"href":"https:\/\/prensapresidencialvenezuela.gob.ve\/index.php\/wp-json\/wp\/v2\/posts\/52304","targetHints":{"allow":["GET"]}}],"collection":[{"href":"https:\/\/prensapresidencialvenezuela.gob.ve\/index.php\/wp-json\/wp\/v2\/posts"}],"about":[{"href":"https:\/\/prensapresidencialvenezuela.gob.ve\/index.php\/wp-json\/wp\/v2\/types\/post"}],"author":[{"embeddable":true,"href":"https:\/\/prensapresidencialvenezuela.gob.ve\/index.php\/wp-json\/wp\/v2\/users\/15"}],"replies":[{"embeddable":true,"href":"https:\/\/prensapresidencialvenezuela.gob.ve\/index.php\/wp-json\/wp\/v2\/comments?post=52304"}],"version-history":[{"count":3,"href":"https:\/\/prensapresidencialvenezuela.gob.ve\/index.php\/wp-json\/wp\/v2\/posts\/52304\/revisions"}],"predecessor-version":[{"id":52311,"href":"https:\/\/prensapresidencialvenezuela.gob.ve\/index.php\/wp-json\/wp\/v2\/posts\/52304\/revisions\/52311"}],"wp:featuredmedia":[{"embeddable":true,"href":"https:\/\/prensapresidencialvenezuela.gob.ve\/index.php\/wp-json\/wp\/v2\/media\/52305"}],"wp:attachment":[{"href":"https:\/\/prensapresidencialvenezuela.gob.ve\/index.php\/wp-json\/wp\/v2\/media?parent=52304"}],"wp:term":[{"taxonomy":"category","embeddable":true,"href":"https:\/\/prensapresidencialvenezuela.gob.ve\/index.php\/wp-json\/wp\/v2\/categories?post=52304"},{"taxonomy":"post_tag","embeddable":true,"href":"https:\/\/prensapresidencialvenezuela.gob.ve\/index.php\/wp-json\/wp\/v2\/tags?post=52304"}],"curies":[{"name":"wp","href":"https:\/\/api.w.org\/{rel}","templated":true}]}}