{"id":52307,"date":"2026-09-01T19:26:35","date_gmt":"2026-09-01T23:26:35","guid":{"rendered":"https:\/\/prensapresidencialvenezuela.gob.ve\/?p=52307"},"modified":"2026-09-01T19:26:36","modified_gmt":"2026-09-01T23:26:36","slug":"fanb-respalda-acuerdo-energetico-entre-venezuela-y-estados-unidos","status":"publish","type":"post","link":"https:\/\/prensapresidencialvenezuela.gob.ve\/index.php\/2026\/09\/01\/fanb-respalda-acuerdo-energetico-entre-venezuela-y-estados-unidos\/","title":{"rendered":"FANB respalda acuerdo energ\u00e9tico entre Venezuela y Estados Unidos"},"content":{"rendered":"\n<p class=\"wp-block-paragraph\"><strong>Palacio de Miraflores. &#8211;<\/strong> \u200bEl ministro del Poder Popular para la Defensa, General en Jefe Gustavo Gonz\u00e1lez L\u00f3pez, inform\u00f3 sobre el desarrollo de un balance peri\u00f3dico junto a la Presidenta y Comandante en Jefe de la Fuerza Armada Nacional Bolivariana (FANB), Delcy Rodr\u00edguez, para evaluar el apresto operacional, la situaci\u00f3n de las unidades y el bienestar de la instituci\u00f3n militar, adem\u00e1s de abordar temas como el ahorro energ\u00e9tico y la situaci\u00f3n meteorol\u00f3gica por las recientes lluvias en el pa\u00eds.<\/p>\n\n\n\n<p class=\"wp-block-paragraph\">Durante sus declaraciones, <strong>el titular de la cartera de Defensa manifest\u00f3 el pleno respaldo de la instituci\u00f3n al convenio estrat\u00e9gico suscrito entre Venezuela y Estados Unidos para el desarrollo energ\u00e9tico en los campos petroleros.<\/strong><\/p>\n\n\n\n<p class=\"wp-block-paragraph\">\u200bGonz\u00e1lez L\u00f3pez asegur\u00f3 que, tras las evaluaciones correspondientes a su \u00e1rea de competencia, la FANB no observa amenazas a la soberan\u00eda, medidas contra la paz, ni conflictos en el territorio nacional, garantizando la estabilidad y el resguardo de las infraestructuras del pa\u00eds.<\/p>\n\n\n\n<p class=\"wp-block-paragraph\">Asimismo, subray\u00f3 que este convenio representa una oportunidad para la captaci\u00f3n de inversiones internacionales que generar\u00e1n empleo y mayor producci\u00f3n en la naci\u00f3n.<\/p>\n\n\n\n<blockquote class=\"wp-block-quote is-layout-flow wp-block-quote-is-layout-flow\">\n<p class=\"wp-block-paragraph\">\u200b\u00abTransformar una diferencia pol\u00edtica en un acuerdo de cooperaci\u00f3n econ\u00f3mica es solamente una decisi\u00f3n de ir a la paz, no es una subordinaci\u00f3n. Entonces estamos completamente de acuerdo, apoyamos todas las acciones que nuestra comandante en Venezuela ha tenido a bien para lograr la prosperidad y el bienestar que lo veremos pr\u00f3ximamente en el pa\u00eds\u00bb, afirm\u00f3 el General en Jefe Gustavo Gonz\u00e1lez L\u00f3pez.<\/p>\n<\/blockquote>\n","protected":false},"excerpt":{"rendered":"<p>Palacio de Miraflores. &#8211; \u200bEl ministro del Poder Popular para la Defensa, General en Jefe Gustavo Gonz\u00e1lez L\u00f3pez, inform\u00f3 sobre el desarrollo de un balance peri\u00f3dico junto a la Presidenta y Comandante en Jefe de la Fuerza Armada Nacional Bolivariana (FANB), Delcy Rodr\u00edguez, para evaluar el apresto operacional, la situaci\u00f3n de las unidades y el [&hellip;]<\/p>\n","protected":false},"author":21,"featured_media":52312,"comment_status":"open","ping_status":"open","sticky":false,"template":"","format":"standard","meta":{"footnotes":""},"categories":[18,7],"tags":[1155,65,2279,20],"class_list":["post-52307","post","type-post","status-publish","format-standard","has-post-thumbnail","hentry","category-noticias-principales","category-notas-de-prensa","tag-estados-unidos","tag-fanb","tag-general-en-jefe-gustavo-gonzalez-lopez","tag-venezuela"],"_links":{"self":[{"href":"https:\/\/prensapresidencialvenezuela.gob.ve\/index.php\/wp-json\/wp\/v2\/posts\/52307","targetHints":{"allow":["GET"]}}],"collection":[{"href":"https:\/\/prensapresidencialvenezuela.gob.ve\/index.php\/wp-json\/wp\/v2\/posts"}],"about":[{"href":"https:\/\/prensapresidencialvenezuela.gob.ve\/index.php\/wp-json\/wp\/v2\/types\/post"}],"author":[{"embeddable":true,"href":"https:\/\/prensapresidencialvenezuela.gob.ve\/index.php\/wp-json\/wp\/v2\/users\/21"}],"replies":[{"embeddable":true,"href":"https:\/\/prensapresidencialvenezuela.gob.ve\/index.php\/wp-json\/wp\/v2\/comments?post=52307"}],"version-history":[{"count":1,"href":"https:\/\/prensapresidencialvenezuela.gob.ve\/index.php\/wp-json\/wp\/v2\/posts\/52307\/revisions"}],"predecessor-version":[{"id":52308,"href":"https:\/\/prensapresidencialvenezuela.gob.ve\/index.php\/wp-json\/wp\/v2\/posts\/52307\/revisions\/52308"}],"wp:featuredmedia":[{"embeddable":true,"href":"https:\/\/prensapresidencialvenezuela.gob.ve\/index.php\/wp-json\/wp\/v2\/media\/52312"}],"wp:attachment":[{"href":"https:\/\/prensapresidencialvenezuela.gob.ve\/index.php\/wp-json\/wp\/v2\/media?parent=52307"}],"wp:term":[{"taxonomy":"category","embeddable":true,"href":"https:\/\/prensapresidencialvenezuela.gob.ve\/index.php\/wp-json\/wp\/v2\/categories?post=52307"},{"taxonomy":"post_tag","embeddable":true,"href":"https:\/\/prensapresidencialvenezuela.gob.ve\/index.php\/wp-json\/wp\/v2\/tags?post=52307"}],"curies":[{"name":"wp","href":"https:\/\/api.w.org\/{rel}","templated":true}]}}