{"id":52316,"date":"2026-09-02T12:14:11","date_gmt":"2026-09-02T16:14:11","guid":{"rendered":"https:\/\/prensapresidencialvenezuela.gob.ve\/?p=52316"},"modified":"2026-09-02T12:14:11","modified_gmt":"2026-09-02T16:14:11","slug":"presidenta-delcy-rodriguez-sostiene-reunion-de-trabajo-con-directivos-de-la-empresa-petrolera-eni","status":"publish","type":"post","link":"https:\/\/prensapresidencialvenezuela.gob.ve\/index.php\/2026\/09\/02\/presidenta-delcy-rodriguez-sostiene-reunion-de-trabajo-con-directivos-de-la-empresa-petrolera-eni\/","title":{"rendered":"Presidenta Delcy Rodr\u00edguez sostiene reuni\u00f3n de trabajo con directivos de la empresa petrolera Eni"},"content":{"rendered":"\n<p class=\"wp-block-paragraph\"><strong>Palacio de Miraflores. &#8211; <\/strong>\u200bLa presidenta de la Rep\u00fablica Bolivariana de Venezuela, Delcy Rodr\u00edguez, encabez\u00f3 este mi\u00e9rcoles un encuentro de trabajo en el Palacio de Miraflores con altos ejecutivos de la corporaci\u00f3n energ\u00e9tica italiana Eni, liderados por su director ejecutivo, Claudio Descalzi.<\/p>\n\n\n\n<p class=\"wp-block-paragraph\">La cita, a la que tambi\u00e9n asisten autoridades de la Vicepresidencia Sectorial de Econom\u00eda, del Ministerio de Petr\u00f3leo y de Petr\u00f3leos de Venezuela (PDVSA), se orienta a la revisi\u00f3n de la agenda bilateral y los esquemas de cooperaci\u00f3n vigentes en materia de hidrocarburos.<\/p>\n\n\n\n<p class=\"wp-block-paragraph\">\u200bDurante la jornada, ambas delegaciones eval\u00faan el mapa de inversiones conjuntas, proyectos de desarrollo operacional y oportunidades de expansi\u00f3n en los sectores de crudo y gas natural.<\/p>\n\n\n\n<p class=\"wp-block-paragraph\">La reuni\u00f3n forma parte de las acciones para dinamizar la participaci\u00f3n de corporaciones internacionales en las \u00e1reas estrat\u00e9gicas de la industria energ\u00e9tica nacional.<\/p>\n\n\n\n<p class=\"wp-block-paragraph\"><strong>Prensa Presidencial \/ Kaylib Maita <\/strong><\/p>\n","protected":false},"excerpt":{"rendered":"<p>Palacio de Miraflores. &#8211; \u200bLa presidenta de la Rep\u00fablica Bolivariana de Venezuela, Delcy Rodr\u00edguez, encabez\u00f3 este mi\u00e9rcoles un encuentro de trabajo en el Palacio de Miraflores con altos ejecutivos de la corporaci\u00f3n energ\u00e9tica italiana Eni, liderados por su director ejecutivo, Claudio Descalzi. La cita, a la que tambi\u00e9n asisten autoridades de la Vicepresidencia Sectorial de [&hellip;]<\/p>\n","protected":false},"author":21,"featured_media":52320,"comment_status":"open","ping_status":"open","sticky":false,"template":"","format":"standard","meta":{"footnotes":""},"categories":[18,7],"tags":[2281,2280,2179,20],"class_list":["post-52316","post","type-post","status-publish","format-standard","has-post-thumbnail","hentry","category-noticias-principales","category-notas-de-prensa","tag-corporacion-energetica-italiana-eni","tag-petrolera-eni","tag-presidenta-delcy-rodriguez-2","tag-venezuela"],"_links":{"self":[{"href":"https:\/\/prensapresidencialvenezuela.gob.ve\/index.php\/wp-json\/wp\/v2\/posts\/52316","targetHints":{"allow":["GET"]}}],"collection":[{"href":"https:\/\/prensapresidencialvenezuela.gob.ve\/index.php\/wp-json\/wp\/v2\/posts"}],"about":[{"href":"https:\/\/prensapresidencialvenezuela.gob.ve\/index.php\/wp-json\/wp\/v2\/types\/post"}],"author":[{"embeddable":true,"href":"https:\/\/prensapresidencialvenezuela.gob.ve\/index.php\/wp-json\/wp\/v2\/users\/21"}],"replies":[{"embeddable":true,"href":"https:\/\/prensapresidencialvenezuela.gob.ve\/index.php\/wp-json\/wp\/v2\/comments?post=52316"}],"version-history":[{"count":1,"href":"https:\/\/prensapresidencialvenezuela.gob.ve\/index.php\/wp-json\/wp\/v2\/posts\/52316\/revisions"}],"predecessor-version":[{"id":52317,"href":"https:\/\/prensapresidencialvenezuela.gob.ve\/index.php\/wp-json\/wp\/v2\/posts\/52316\/revisions\/52317"}],"wp:featuredmedia":[{"embeddable":true,"href":"https:\/\/prensapresidencialvenezuela.gob.ve\/index.php\/wp-json\/wp\/v2\/media\/52320"}],"wp:attachment":[{"href":"https:\/\/prensapresidencialvenezuela.gob.ve\/index.php\/wp-json\/wp\/v2\/media?parent=52316"}],"wp:term":[{"taxonomy":"category","embeddable":true,"href":"https:\/\/prensapresidencialvenezuela.gob.ve\/index.php\/wp-json\/wp\/v2\/categories?post=52316"},{"taxonomy":"post_tag","embeddable":true,"href":"https:\/\/prensapresidencialvenezuela.gob.ve\/index.php\/wp-json\/wp\/v2\/tags?post=52316"}],"curies":[{"name":"wp","href":"https:\/\/api.w.org\/{rel}","templated":true}]}}