{"id":52318,"date":"2026-09-02T12:28:00","date_gmt":"2026-09-02T16:28:00","guid":{"rendered":"https:\/\/prensapresidencialvenezuela.gob.ve\/?p=52318"},"modified":"2026-09-02T12:28:00","modified_gmt":"2026-09-02T16:28:00","slug":"presidenta-delcy-rodriguez-encabeza-reunion-estrategica-con-ejecutivos-de-chevron","status":"publish","type":"post","link":"https:\/\/prensapresidencialvenezuela.gob.ve\/index.php\/2026\/09\/02\/presidenta-delcy-rodriguez-encabeza-reunion-estrategica-con-ejecutivos-de-chevron\/","title":{"rendered":"Presidenta Delcy Rodr\u00edguez encabeza reuni\u00f3n estrat\u00e9gica con ejecutivos de Chevron"},"content":{"rendered":"\n<p class=\"wp-block-paragraph\"><strong>Palacio de Miraflores. &#8211;<\/strong> \u200bLa presidenta de la Rep\u00fablica Bolivariana de Venezuela, Delcy Rodr\u00edguez, encabeza este mi\u00e9rcoles en el Palacio de Miraflores un encuentro estrat\u00e9gico con altos directivos de la empresa petrolera estadounidense Chevron.<\/p>\n\n\n\n<p class=\"wp-block-paragraph\">En la actividad participan, por la delegaci\u00f3n internacional, el presidente y director ejecutivo de Chevron Corporation, Michael Wirth, junto al presidente Upstream, Clay Neff, y los representantes de la firma en el pa\u00eds, mientras que por la parte venezolana acompa\u00f1an a la jefa de Estado el vicepresidente sectorial de Econom\u00eda, Calixto Ortega, la ministra de Hidrocarburos, Paola Nao, y la directiva de Petr\u00f3leos de Venezuela (PDVSA).<\/p>\n\n\n\n<p class=\"wp-block-paragraph\">\u200bLa jornada de trabajo se inscribe en las reuniones que adelanta el Ejecutivo nacional con distintas corporaciones del sector energ\u00e9tico internacional, orientadas a evaluar y fortalecer las alianzas operativas en materia de petr\u00f3leo y gas.<\/p>\n\n\n\n<p class=\"wp-block-paragraph\">Este encuentro da continuidad a la agenda de cooperaci\u00f3n y acuerdos suscritos con la compa\u00f1\u00eda petrolera para el desarrollo de los proyectos conjuntos en el territorio nacional.<\/p>\n\n\n\n<p class=\"wp-block-paragraph\"><strong>Prensa Presidencial \/ Kaylib Maita <\/strong><\/p>\n","protected":false},"excerpt":{"rendered":"<p>Palacio de Miraflores. &#8211; \u200bLa presidenta de la Rep\u00fablica Bolivariana de Venezuela, Delcy Rodr\u00edguez, encabeza este mi\u00e9rcoles en el Palacio de Miraflores un encuentro estrat\u00e9gico con altos directivos de la empresa petrolera estadounidense Chevron. En la actividad participan, por la delegaci\u00f3n internacional, el presidente y director ejecutivo de Chevron Corporation, Michael Wirth, junto al presidente [&hellip;]<\/p>\n","protected":false},"author":21,"featured_media":52325,"comment_status":"open","ping_status":"open","sticky":false,"template":"","format":"standard","meta":{"footnotes":""},"categories":[18,7],"tags":[1467,2179,20],"class_list":["post-52318","post","type-post","status-publish","format-standard","has-post-thumbnail","hentry","category-noticias-principales","category-notas-de-prensa","tag-chevron","tag-presidenta-delcy-rodriguez-2","tag-venezuela"],"_links":{"self":[{"href":"https:\/\/prensapresidencialvenezuela.gob.ve\/index.php\/wp-json\/wp\/v2\/posts\/52318","targetHints":{"allow":["GET"]}}],"collection":[{"href":"https:\/\/prensapresidencialvenezuela.gob.ve\/index.php\/wp-json\/wp\/v2\/posts"}],"about":[{"href":"https:\/\/prensapresidencialvenezuela.gob.ve\/index.php\/wp-json\/wp\/v2\/types\/post"}],"author":[{"embeddable":true,"href":"https:\/\/prensapresidencialvenezuela.gob.ve\/index.php\/wp-json\/wp\/v2\/users\/21"}],"replies":[{"embeddable":true,"href":"https:\/\/prensapresidencialvenezuela.gob.ve\/index.php\/wp-json\/wp\/v2\/comments?post=52318"}],"version-history":[{"count":1,"href":"https:\/\/prensapresidencialvenezuela.gob.ve\/index.php\/wp-json\/wp\/v2\/posts\/52318\/revisions"}],"predecessor-version":[{"id":52322,"href":"https:\/\/prensapresidencialvenezuela.gob.ve\/index.php\/wp-json\/wp\/v2\/posts\/52318\/revisions\/52322"}],"wp:featuredmedia":[{"embeddable":true,"href":"https:\/\/prensapresidencialvenezuela.gob.ve\/index.php\/wp-json\/wp\/v2\/media\/52325"}],"wp:attachment":[{"href":"https:\/\/prensapresidencialvenezuela.gob.ve\/index.php\/wp-json\/wp\/v2\/media?parent=52318"}],"wp:term":[{"taxonomy":"category","embeddable":true,"href":"https:\/\/prensapresidencialvenezuela.gob.ve\/index.php\/wp-json\/wp\/v2\/categories?post=52318"},{"taxonomy":"post_tag","embeddable":true,"href":"https:\/\/prensapresidencialvenezuela.gob.ve\/index.php\/wp-json\/wp\/v2\/tags?post=52318"}],"curies":[{"name":"wp","href":"https:\/\/api.w.org\/{rel}","templated":true}]}}