{"id":5232,"date":"2023-05-15T23:32:39","date_gmt":"2023-05-15T23:32:39","guid":{"rendered":"http:\/\/172.27.0.121\/?p=5232"},"modified":"2023-05-15T23:32:39","modified_gmt":"2023-05-15T23:32:39","slug":"maduro-la-ruinas-de-la-oea-deberian-desaparecer","status":"publish","type":"post","link":"https:\/\/prensapresidencialvenezuela.gob.ve\/index.php\/2023\/05\/15\/maduro-la-ruinas-de-la-oea-deberian-desaparecer\/","title":{"rendered":"Maduro: La ruinas de la OEA deber\u00edan desaparecer"},"content":{"rendered":"\n<p><strong>Palacio de Miraflores, Caracas.- <\/strong>Al coincidir con las palabras de su hom\u00f3logo de M\u00e9xico, Andr\u00e9s Manuela L\u00f3pez Obrador, sobre la Organizaci\u00f3n de Estados Americanos, el presidente de la Rep\u00fablica, Nicol\u00e1s Maduro, asever\u00f3 que \u201clas ruinas de la OEA deber\u00edan desaparecer\u201d.<\/p>\n\n\n\n<p>Durante la emisi\u00f3n del programa \u201cCon Maduro +\u201d, transmitido a trav\u00e9s de Venezolana de Televisi\u00f3n (VTV), enfatiz\u00f3 que el foro regional \u201cse ha venido a la nada, est\u00e1 en ruinas\u201d como resultado de una pol\u00edtica \u201cnefasta\u201d que ha avalado golpes de Estado en pa\u00edses de Am\u00e9rica Latina y el Caribe.<\/p>\n\n\n\n<p>\u201cEs la OEA la que ha avalado todas las invasiones, todos los golpes de Estado en los \u00faltimos 70 a\u00f1os de Am\u00e9rica Latina y el Caribe, todos los golpes de Estado que ha habido en Chile, Brasil, Honduras, Paraguay y Bolivia. Todos los golpes de Estado han tenido un sello: la Organizaci\u00f3n de Estados Americanos\u201d, sentenci\u00f3.<\/p>\n\n\n\n<p>Precisamente, la participaci\u00f3n de la OEA en maniobras de golpes de Estado en la regi\u00f3n fue una de las razones del retiro de Venezuela, que se concret\u00f3 en el a\u00f1o 2019.<\/p>\n\n\n\n<p>\u201cNos fuimos para siempre y no pensamos volver\u201d, afirm\u00f3 el jefe de Estado, al tiempo que ratific\u00f3 que \u201cnuestro camino es Unasur, la CELAC, el ALBA-TCP, Petrocaribe. Nuestro camino es Nuestra Am\u00e9rica\u201d.<\/p>\n\n\n\n<p><strong>Prensa Presidencial \/ Karelis Gonz\u00e1lez<\/strong><\/p>\n","protected":false},"excerpt":{"rendered":"<p>Palacio de Miraflores, Caracas.- Al coincidir con las palabras de su hom\u00f3logo de M\u00e9xico, Andr\u00e9s Manuela L\u00f3pez Obrador, sobre la Organizaci\u00f3n de Estados Americanos, el presidente de la Rep\u00fablica, Nicol\u00e1s Maduro, asever\u00f3 que \u201clas ruinas de la OEA deber\u00edan desaparecer\u201d. Durante la emisi\u00f3n del programa \u201cCon Maduro +\u201d, transmitido a trav\u00e9s de Venezolana de Televisi\u00f3n [&hellip;]<\/p>\n","protected":false},"author":6,"featured_media":5234,"comment_status":"open","ping_status":"open","sticky":false,"template":"","format":"standard","meta":{"footnotes":""},"categories":[18,7],"tags":[30,38,19,27,20],"class_list":["post-5232","post","type-post","status-publish","format-standard","has-post-thumbnail","hentry","category-noticias-principales","category-notas-de-prensa","tag-destacado","tag-diplomacia-bolivariana-de-paz","tag-nicolas-maduro","tag-revolucion-bolivariana","tag-venezuela"],"_links":{"self":[{"href":"https:\/\/prensapresidencialvenezuela.gob.ve\/index.php\/wp-json\/wp\/v2\/posts\/5232","targetHints":{"allow":["GET"]}}],"collection":[{"href":"https:\/\/prensapresidencialvenezuela.gob.ve\/index.php\/wp-json\/wp\/v2\/posts"}],"about":[{"href":"https:\/\/prensapresidencialvenezuela.gob.ve\/index.php\/wp-json\/wp\/v2\/types\/post"}],"author":[{"embeddable":true,"href":"https:\/\/prensapresidencialvenezuela.gob.ve\/index.php\/wp-json\/wp\/v2\/users\/6"}],"replies":[{"embeddable":true,"href":"https:\/\/prensapresidencialvenezuela.gob.ve\/index.php\/wp-json\/wp\/v2\/comments?post=5232"}],"version-history":[{"count":1,"href":"https:\/\/prensapresidencialvenezuela.gob.ve\/index.php\/wp-json\/wp\/v2\/posts\/5232\/revisions"}],"predecessor-version":[{"id":5235,"href":"https:\/\/prensapresidencialvenezuela.gob.ve\/index.php\/wp-json\/wp\/v2\/posts\/5232\/revisions\/5235"}],"wp:featuredmedia":[{"embeddable":true,"href":"https:\/\/prensapresidencialvenezuela.gob.ve\/index.php\/wp-json\/wp\/v2\/media\/5234"}],"wp:attachment":[{"href":"https:\/\/prensapresidencialvenezuela.gob.ve\/index.php\/wp-json\/wp\/v2\/media?parent=5232"}],"wp:term":[{"taxonomy":"category","embeddable":true,"href":"https:\/\/prensapresidencialvenezuela.gob.ve\/index.php\/wp-json\/wp\/v2\/categories?post=5232"},{"taxonomy":"post_tag","embeddable":true,"href":"https:\/\/prensapresidencialvenezuela.gob.ve\/index.php\/wp-json\/wp\/v2\/tags?post=5232"}],"curies":[{"name":"wp","href":"https:\/\/api.w.org\/{rel}","templated":true}]}}