{"id":52331,"date":"2026-09-02T14:15:11","date_gmt":"2026-09-02T18:15:11","guid":{"rendered":"https:\/\/prensapresidencialvenezuela.gob.ve\/?p=52331"},"modified":"2026-09-02T14:15:11","modified_gmt":"2026-09-02T18:15:11","slug":"presidenta-delcy-rodriguez-lidera-firma-de-acuerdos-energeticos-con-delegacion-de-ee-uu","status":"publish","type":"post","link":"https:\/\/prensapresidencialvenezuela.gob.ve\/index.php\/2026\/09\/02\/presidenta-delcy-rodriguez-lidera-firma-de-acuerdos-energeticos-con-delegacion-de-ee-uu\/","title":{"rendered":"Presidenta Delcy Rodr\u00edguez lidera firma de acuerdos energ\u00e9ticos con delegaci\u00f3n de EE.UU."},"content":{"rendered":"\n<p class=\"wp-block-paragraph\"><strong>Palacio de Miraflores, Caracas.- <\/strong>En un acto realizado en el Palacio de Miraflores, la presidenta de la Rep\u00fablica Bolivariana de Venezuela, Delcy Rodr\u00edguez, encabez\u00f3 la firma de importantes acuerdos energ\u00e9ticos en el marco de la visita oficial del secretario de Energ\u00eda de los Estados Unidos, Chris Wright, a Venezuela.<\/p>\n\n\n\n<p class=\"wp-block-paragraph\">Este encuentro, llevado a cabo en el Sal\u00f3n \u00abSol del Per\u00fa\u00bb,<strong> marca un hito en la cooperaci\u00f3n bilateral,<\/strong> enfoc\u00e1ndose en la reactivaci\u00f3n y optimizaci\u00f3n del sector hidrocarburos.<\/p>\n\n\n\n<p class=\"wp-block-paragraph\">Entre los puntos presentados, destac\u00f3 el acuerdo integral con Chevron Carabobo Holdings para el acceso a reservas en la empresa mixta Petroindependencia, adem\u00e1s de la adecuaci\u00f3n de las empresas mixtas Petrobosc\u00e1n, Petropiar y Petroindependencia a la nueva Ley de Hidrocarburos, asegurando as\u00ed un marco legal y fiscal actualizado que favorece la inversi\u00f3n productiva.<\/p>\n\n\n\n<figure class=\"wp-block-image size-large\"><img fetchpriority=\"high\" decoding=\"async\" width=\"1024\" height=\"683\" src=\"https:\/\/prensapresidencialvenezuela.gob.ve\/wp-content\/uploads\/2026\/09\/JC_L0278-1024x683.jpg\" alt=\"\" class=\"wp-image-52335\" srcset=\"https:\/\/prensapresidencialvenezuela.gob.ve\/wp-content\/uploads\/2026\/09\/JC_L0278-1024x683.jpg 1024w, https:\/\/prensapresidencialvenezuela.gob.ve\/wp-content\/uploads\/2026\/09\/JC_L0278-300x200.jpg 300w, https:\/\/prensapresidencialvenezuela.gob.ve\/wp-content\/uploads\/2026\/09\/JC_L0278-768x512.jpg 768w, https:\/\/prensapresidencialvenezuela.gob.ve\/wp-content\/uploads\/2026\/09\/JC_L0278-1536x1024.jpg 1536w, https:\/\/prensapresidencialvenezuela.gob.ve\/wp-content\/uploads\/2026\/09\/JC_L0278-2048x1366.jpg 2048w\" sizes=\"(max-width: 1024px) 100vw, 1024px\" \/><\/figure>\n\n\n\n<p class=\"wp-block-paragraph\">La jornada tambi\u00e9n contempl\u00f3 una<strong> agenda de cooperaci\u00f3n para el desarrollo de nuevos proyectos de extracci\u00f3n y la modernizaci\u00f3n de la infraestructura energ\u00e9tica<\/strong>. Se oficializ\u00f3 el acuerdo de transici\u00f3n y los contratos de participaci\u00f3n productiva en el bloque Jun\u00edn-5 junto a la corporaci\u00f3n energ\u00e9tica italiana Eni, as\u00ed como un contrato de participaci\u00f3n con Primavera Infinita para el bloque Budare Elotes.<\/p>\n\n\n\n<p class=\"wp-block-paragraph\">Estas alianzas buscan potenciar la capacidad de producci\u00f3n petrolera nacional, integrando tecnolog\u00eda de vanguardia y garantizando que los procesos se alineen con los <strong>est\u00e1ndares internacionales de eficiencia y sostenibilidad econ\u00f3mica para el pa\u00eds<\/strong>.<\/p>\n\n\n\n<p class=\"wp-block-paragraph\">Finalmente, el compromiso bilateral trascendi\u00f3 la extracci\u00f3n de crudo al incluir alianzas importantes para fortalecer el Sistema El\u00e9ctrico Nacional y la infraestructura operativa de la industria petrolera.<\/p>\n\n\n\n<p class=\"wp-block-paragraph\"><strong>Prensa Presidencial\/ Claudia Guerra M\u00e9ndez<\/strong><\/p>\n","protected":false},"excerpt":{"rendered":"<p>Palacio de Miraflores, Caracas.- En un acto realizado en el Palacio de Miraflores, la presidenta de la Rep\u00fablica Bolivariana de Venezuela, Delcy Rodr\u00edguez, encabez\u00f3 la firma de importantes acuerdos energ\u00e9ticos en el marco de la visita oficial del secretario de Energ\u00eda de los Estados Unidos, Chris Wright, a Venezuela. Este encuentro, llevado a cabo en [&hellip;]<\/p>\n","protected":false},"author":18,"featured_media":52333,"comment_status":"open","ping_status":"open","sticky":false,"template":"","format":"standard","meta":{"footnotes":""},"categories":[18,7],"tags":[1467,122,21,196,2021,20],"class_list":["post-52331","post","type-post","status-publish","format-standard","has-post-thumbnail","hentry","category-noticias-principales","category-notas-de-prensa","tag-chevron","tag-delcy-rodriguez","tag-economia-venezolana","tag-ee-uu","tag-eni","tag-venezuela"],"_links":{"self":[{"href":"https:\/\/prensapresidencialvenezuela.gob.ve\/index.php\/wp-json\/wp\/v2\/posts\/52331","targetHints":{"allow":["GET"]}}],"collection":[{"href":"https:\/\/prensapresidencialvenezuela.gob.ve\/index.php\/wp-json\/wp\/v2\/posts"}],"about":[{"href":"https:\/\/prensapresidencialvenezuela.gob.ve\/index.php\/wp-json\/wp\/v2\/types\/post"}],"author":[{"embeddable":true,"href":"https:\/\/prensapresidencialvenezuela.gob.ve\/index.php\/wp-json\/wp\/v2\/users\/18"}],"replies":[{"embeddable":true,"href":"https:\/\/prensapresidencialvenezuela.gob.ve\/index.php\/wp-json\/wp\/v2\/comments?post=52331"}],"version-history":[{"count":2,"href":"https:\/\/prensapresidencialvenezuela.gob.ve\/index.php\/wp-json\/wp\/v2\/posts\/52331\/revisions"}],"predecessor-version":[{"id":52336,"href":"https:\/\/prensapresidencialvenezuela.gob.ve\/index.php\/wp-json\/wp\/v2\/posts\/52331\/revisions\/52336"}],"wp:featuredmedia":[{"embeddable":true,"href":"https:\/\/prensapresidencialvenezuela.gob.ve\/index.php\/wp-json\/wp\/v2\/media\/52333"}],"wp:attachment":[{"href":"https:\/\/prensapresidencialvenezuela.gob.ve\/index.php\/wp-json\/wp\/v2\/media?parent=52331"}],"wp:term":[{"taxonomy":"category","embeddable":true,"href":"https:\/\/prensapresidencialvenezuela.gob.ve\/index.php\/wp-json\/wp\/v2\/categories?post=52331"},{"taxonomy":"post_tag","embeddable":true,"href":"https:\/\/prensapresidencialvenezuela.gob.ve\/index.php\/wp-json\/wp\/v2\/tags?post=52331"}],"curies":[{"name":"wp","href":"https:\/\/api.w.org\/{rel}","templated":true}]}}