{"id":52347,"date":"2026-09-02T18:07:26","date_gmt":"2026-09-02T22:07:26","guid":{"rendered":"https:\/\/prensapresidencialvenezuela.gob.ve\/?p=52347"},"modified":"2026-09-02T18:08:31","modified_gmt":"2026-09-02T22:08:31","slug":"venezuela-consolida-alianzas-estrategicas-para-el-robustecimiento-del-sector-energetico-e-hidrocarburos","status":"publish","type":"post","link":"https:\/\/prensapresidencialvenezuela.gob.ve\/index.php\/2026\/09\/02\/venezuela-consolida-alianzas-estrategicas-para-el-robustecimiento-del-sector-energetico-e-hidrocarburos\/","title":{"rendered":"Venezuela consolida alianzas estrat\u00e9gicas para el robustecimiento del sector energ\u00e9tico e hidrocarburos"},"content":{"rendered":"\n<p class=\"wp-block-paragraph\"><strong>Caracas, Venezuela. &#8211;<\/strong> Desde el Palacio de Miraflores, la presidenta de la Rep\u00fablica Bolivariana de Venezuela, Delcy Rodr\u00edguez, destac\u00f3 el afianzamiento de alianzas estrat\u00e9gicas decisivas para la recuperaci\u00f3n operativa de los sectores energ\u00e9tico y petrolero del pa\u00eds.<\/p>\n\n\n\n<blockquote class=\"wp-block-quote is-layout-flow wp-block-quote-is-layout-flow\">\n<p class=\"wp-block-paragraph\">\u00abGeneral Electric est\u00e1 firmando la recuperaci\u00f3n de la infraestructura el\u00e9ctrica, de la industria petrolera, energ\u00edas complementarias (\u2026), el acuerdo m\u00e1s extraordinario es el que se firm\u00f3 con Corpoelec para recuperar sistemas de generaci\u00f3n hidroel\u00e9ctrica, termoel\u00e9ctrica, sistemas de transmisi\u00f3n, de distribuci\u00f3n, esencial para la vida de una poblaci\u00f3n, sin electricidad no hay vida\u00bb, detall\u00f3 la Mandataria Nacional.<\/p>\n<\/blockquote>\n\n\n\n<p class=\"wp-block-paragraph\">Asimismo, la Jefa de Estado subray\u00f3 la firma de un nuevo compromiso con la energ\u00e9tica italiana Eni en la Franja Petrol\u00edfera del Orinoco. <strong><em>\u00abENI acaba de firmar Jun\u00edn 5, un extraordinario campo, casi 7 mil millones de barriles en reserva, de los m\u00e1s grandes que tiene Venezuela\u00bb.<\/em><\/strong><\/p>\n\n\n\n<p class=\"wp-block-paragraph\">En contexto, es importante resaltar que la compa\u00f1\u00eda asumir\u00e1 operaciones en el bloque Jun\u00edn 5, un yacimiento estrat\u00e9gico que cuenta con reservas estimadas en casi 7 mil millones de barriles de crudo; posicion\u00e1ndose como una de las \u00e1reas de mayor potencial dentro del parque energ\u00e9tico venezolano.<\/p>\n\n\n\n<p class=\"wp-block-paragraph\"><strong>Prensa Presidencial\/ Irmary D\u00edaz<\/strong><\/p>\n","protected":false},"excerpt":{"rendered":"<p>Caracas, Venezuela. &#8211; Desde el Palacio de Miraflores, la presidenta de la Rep\u00fablica Bolivariana de Venezuela, Delcy Rodr\u00edguez, destac\u00f3 el afianzamiento de alianzas estrat\u00e9gicas decisivas para la recuperaci\u00f3n operativa de los sectores energ\u00e9tico y petrolero del pa\u00eds. \u00abGeneral Electric est\u00e1 firmando la recuperaci\u00f3n de la infraestructura el\u00e9ctrica, de la industria petrolera, energ\u00edas complementarias (\u2026), el [&hellip;]<\/p>\n","protected":false},"author":15,"featured_media":52356,"comment_status":"open","ping_status":"open","sticky":false,"template":"","format":"standard","meta":{"footnotes":""},"categories":[18,7],"tags":[824,122,2196,2002],"class_list":["post-52347","post","type-post","status-publish","format-standard","has-post-thumbnail","hentry","category-noticias-principales","category-notas-de-prensa","tag-corpoelec","tag-delcy-rodriguez","tag-general-electric","tag-palacio-de-miraflores"],"_links":{"self":[{"href":"https:\/\/prensapresidencialvenezuela.gob.ve\/index.php\/wp-json\/wp\/v2\/posts\/52347","targetHints":{"allow":["GET"]}}],"collection":[{"href":"https:\/\/prensapresidencialvenezuela.gob.ve\/index.php\/wp-json\/wp\/v2\/posts"}],"about":[{"href":"https:\/\/prensapresidencialvenezuela.gob.ve\/index.php\/wp-json\/wp\/v2\/types\/post"}],"author":[{"embeddable":true,"href":"https:\/\/prensapresidencialvenezuela.gob.ve\/index.php\/wp-json\/wp\/v2\/users\/15"}],"replies":[{"embeddable":true,"href":"https:\/\/prensapresidencialvenezuela.gob.ve\/index.php\/wp-json\/wp\/v2\/comments?post=52347"}],"version-history":[{"count":1,"href":"https:\/\/prensapresidencialvenezuela.gob.ve\/index.php\/wp-json\/wp\/v2\/posts\/52347\/revisions"}],"predecessor-version":[{"id":52354,"href":"https:\/\/prensapresidencialvenezuela.gob.ve\/index.php\/wp-json\/wp\/v2\/posts\/52347\/revisions\/52354"}],"wp:featuredmedia":[{"embeddable":true,"href":"https:\/\/prensapresidencialvenezuela.gob.ve\/index.php\/wp-json\/wp\/v2\/media\/52356"}],"wp:attachment":[{"href":"https:\/\/prensapresidencialvenezuela.gob.ve\/index.php\/wp-json\/wp\/v2\/media?parent=52347"}],"wp:term":[{"taxonomy":"category","embeddable":true,"href":"https:\/\/prensapresidencialvenezuela.gob.ve\/index.php\/wp-json\/wp\/v2\/categories?post=52347"},{"taxonomy":"post_tag","embeddable":true,"href":"https:\/\/prensapresidencialvenezuela.gob.ve\/index.php\/wp-json\/wp\/v2\/tags?post=52347"}],"curies":[{"name":"wp","href":"https:\/\/api.w.org\/{rel}","templated":true}]}}