{"id":52348,"date":"2026-09-02T18:05:32","date_gmt":"2026-09-02T22:05:32","guid":{"rendered":"https:\/\/prensapresidencialvenezuela.gob.ve\/?p=52348"},"modified":"2026-09-02T18:05:32","modified_gmt":"2026-09-02T22:05:32","slug":"inicia-nueva-era-energetica-para-venezuela-tras-consolidacion-de-alianzas-con-chevron-y-socios-internacionales","status":"publish","type":"post","link":"https:\/\/prensapresidencialvenezuela.gob.ve\/index.php\/2026\/09\/02\/inicia-nueva-era-energetica-para-venezuela-tras-consolidacion-de-alianzas-con-chevron-y-socios-internacionales\/","title":{"rendered":"Inicia nueva era energ\u00e9tica para Venezuela tras consolidaci\u00f3n de alianzas con Chevron y socios internacionales"},"content":{"rendered":"\n<p class=\"wp-block-paragraph\"><strong>Palacio de Miraflores, Caracas.-<\/strong> La presidenta de la Rep\u00fablica Bolivariana de Venezuela, Delcy Rodr\u00edguez, explic\u00f3 a medios de comunicaci\u00f3n social, tras sostener una reuni\u00f3n privada con el secretario de Energ\u00eda de los Estados Unidos, Chris Wright, que \u00aben Venezuela los d\u00edas parecen a\u00f1os, porque cada d\u00eda se construye historia. Hoy estamos haciendo historia con la firma de importantes acuerdos\u00bb, precis\u00f3.<\/p>\n\n\n\n<p class=\"wp-block-paragraph\">En aras de consolidar el potencial energ\u00e9tico de Venezuela para dinamizar la econom\u00eda nacional y proyectar un futuro de crecimiento sostenido, a trav\u00e9s de la cooperaci\u00f3n internacional, <strong>la Jefa de Estado celebr\u00f3 la expansi\u00f3n operativa de Chevron, empresa con m\u00e1s de un siglo de trayectoria en territorio venezolano.<\/strong><\/p>\n\n\n\n<blockquote class=\"wp-block-quote is-layout-flow wp-block-quote-is-layout-flow\">\n<p class=\"wp-block-paragraph\">\u00abChevron expande su presencia, sus inversiones y su tecnolog\u00eda en nuestro pa\u00eds\u00bb, detall\u00f3 la Mandataria Nacional e indic\u00f3 que esta decisi\u00f3n estrat\u00e9gica no solo fortalece la capacidad productiva del sector, sino que tambi\u00e9n refuerza la estabilidad y las oportunidades que Venezuela ofrece a los inversionistas que apuestan por el desarrollo del sector a largo plazo.<\/p>\n\n\n\n<figure class=\"wp-block-image size-large\"><img fetchpriority=\"high\" decoding=\"async\" width=\"1024\" height=\"683\" src=\"https:\/\/prensapresidencialvenezuela.gob.ve\/wp-content\/uploads\/2026\/09\/JC_L0067-1024x683.jpg\" alt=\"\" class=\"wp-image-52334\" srcset=\"https:\/\/prensapresidencialvenezuela.gob.ve\/wp-content\/uploads\/2026\/09\/JC_L0067-1024x683.jpg 1024w, https:\/\/prensapresidencialvenezuela.gob.ve\/wp-content\/uploads\/2026\/09\/JC_L0067-300x200.jpg 300w, https:\/\/prensapresidencialvenezuela.gob.ve\/wp-content\/uploads\/2026\/09\/JC_L0067-768x512.jpg 768w, https:\/\/prensapresidencialvenezuela.gob.ve\/wp-content\/uploads\/2026\/09\/JC_L0067-1536x1024.jpg 1536w, https:\/\/prensapresidencialvenezuela.gob.ve\/wp-content\/uploads\/2026\/09\/JC_L0067-2048x1366.jpg 2048w\" sizes=\"(max-width: 1024px) 100vw, 1024px\" \/><\/figure>\n<\/blockquote>\n\n\n\n<p class=\"wp-block-paragraph\"><strong>La Presidenta valor\u00f3 la resiliencia y la constancia de los socios que han acompa\u00f1ado al pa\u00eds en distintas etapas de su historia.<\/strong> Al referirse, puntualmente, a las empresas Chevron y Eni, se\u00f1al\u00f3 que \u00abson empresas que han estado en momentos malos y buenos, y me complace much\u00edsimo que este sea un buen momento para seguir avanzando\u00bb.<\/p>\n\n\n\n<p class=\"wp-block-paragraph\">Por \u00faltimo, Rodr\u00edguez reiter\u00f3 que \u00abhoy Venezuela tiene un marco legal, regulatorio, que le permite acceder a inversiones importantes para el desarrollo de su industria\u00bb.<\/p>\n\n\n\n<p class=\"wp-block-paragraph\"><strong>Prensa Presidencial\/ Claudia Guerra M\u00e9ndez<\/strong><\/p>\n","protected":false},"excerpt":{"rendered":"<p>Palacio de Miraflores, Caracas.- La presidenta de la Rep\u00fablica Bolivariana de Venezuela, Delcy Rodr\u00edguez, explic\u00f3 a medios de comunicaci\u00f3n social, tras sostener una reuni\u00f3n privada con el secretario de Energ\u00eda de los Estados Unidos, Chris Wright, que \u00aben Venezuela los d\u00edas parecen a\u00f1os, porque cada d\u00eda se construye historia. Hoy estamos haciendo historia con la [&hellip;]<\/p>\n","protected":false},"author":18,"featured_media":52349,"comment_status":"open","ping_status":"open","sticky":false,"template":"","format":"standard","meta":{"footnotes":""},"categories":[18,7],"tags":[122,21,20],"class_list":["post-52348","post","type-post","status-publish","format-standard","has-post-thumbnail","hentry","category-noticias-principales","category-notas-de-prensa","tag-delcy-rodriguez","tag-economia-venezolana","tag-venezuela"],"_links":{"self":[{"href":"https:\/\/prensapresidencialvenezuela.gob.ve\/index.php\/wp-json\/wp\/v2\/posts\/52348","targetHints":{"allow":["GET"]}}],"collection":[{"href":"https:\/\/prensapresidencialvenezuela.gob.ve\/index.php\/wp-json\/wp\/v2\/posts"}],"about":[{"href":"https:\/\/prensapresidencialvenezuela.gob.ve\/index.php\/wp-json\/wp\/v2\/types\/post"}],"author":[{"embeddable":true,"href":"https:\/\/prensapresidencialvenezuela.gob.ve\/index.php\/wp-json\/wp\/v2\/users\/18"}],"replies":[{"embeddable":true,"href":"https:\/\/prensapresidencialvenezuela.gob.ve\/index.php\/wp-json\/wp\/v2\/comments?post=52348"}],"version-history":[{"count":1,"href":"https:\/\/prensapresidencialvenezuela.gob.ve\/index.php\/wp-json\/wp\/v2\/posts\/52348\/revisions"}],"predecessor-version":[{"id":52350,"href":"https:\/\/prensapresidencialvenezuela.gob.ve\/index.php\/wp-json\/wp\/v2\/posts\/52348\/revisions\/52350"}],"wp:featuredmedia":[{"embeddable":true,"href":"https:\/\/prensapresidencialvenezuela.gob.ve\/index.php\/wp-json\/wp\/v2\/media\/52349"}],"wp:attachment":[{"href":"https:\/\/prensapresidencialvenezuela.gob.ve\/index.php\/wp-json\/wp\/v2\/media?parent=52348"}],"wp:term":[{"taxonomy":"category","embeddable":true,"href":"https:\/\/prensapresidencialvenezuela.gob.ve\/index.php\/wp-json\/wp\/v2\/categories?post=52348"},{"taxonomy":"post_tag","embeddable":true,"href":"https:\/\/prensapresidencialvenezuela.gob.ve\/index.php\/wp-json\/wp\/v2\/tags?post=52348"}],"curies":[{"name":"wp","href":"https:\/\/api.w.org\/{rel}","templated":true}]}}