{"id":52357,"date":"2026-09-02T18:10:53","date_gmt":"2026-09-02T22:10:53","guid":{"rendered":"https:\/\/prensapresidencialvenezuela.gob.ve\/?p=52357"},"modified":"2026-09-02T18:10:53","modified_gmt":"2026-09-02T22:10:53","slug":"presidenta-delcy-rodriguez-ratifica-el-dialogo-con-ee-uu-y-llama-a-la-juventud-al-renacer-de-venezuela","status":"publish","type":"post","link":"https:\/\/prensapresidencialvenezuela.gob.ve\/index.php\/2026\/09\/02\/presidenta-delcy-rodriguez-ratifica-el-dialogo-con-ee-uu-y-llama-a-la-juventud-al-renacer-de-venezuela\/","title":{"rendered":"Presidenta Delcy Rodr\u00edguez ratifica el di\u00e1logo con EE. UU. y llama a la juventud al \u00abrenacer de Venezuela\u00bb"},"content":{"rendered":"\n<p class=\"wp-block-paragraph\"><strong>Caracas, Venezuela. &#8211;<\/strong> La presidenta de la Rep\u00fablica Bolivariana de Venezuela, Delcy Rodr\u00edguez, reafirm\u00f3 este mi\u00e9rcoles el compromiso del Gobierno Nacional por mantener el di\u00e1logo pol\u00edtico y diplom\u00e1tico para la resoluci\u00f3n de controversias internacionales y el fomento del desarrollo integral de la Naci\u00f3n.<\/p>\n\n\n\n<p class=\"wp-block-paragraph\">Durante su intervenci\u00f3n, la Jefa de Estado subray\u00f3 la importancia del entendimiento bilateral con actores globales claves para garantizar la estabilidad econ\u00f3mica y social del pa\u00eds.<\/p>\n\n\n\n<p class=\"wp-block-paragraph\"><strong><em>\u00abReivindico cada d\u00eda m\u00e1s el canal y el di\u00e1logo pol\u00edtico y diplom\u00e1tico con los Estados Unidos de Norteam\u00e9rica y con los pa\u00edses del mundo. Es el mecanismo para relacionarse y para tener cooperaci\u00f3n y bienestar para los pa\u00edses\u00bb, asever\u00f3 Rodr\u00edguez.<\/em><\/strong><\/p>\n\n\n\n<p class=\"wp-block-paragraph\">Por otra parte, en el marco de las acciones dirigidas al fortalecimiento productivo del pa\u00eds, tambi\u00e9n dirigi\u00f3 un mensaje a las nuevas generaciones de Venezuela que se encuentran en el exterior.<\/p>\n\n\n\n<blockquote class=\"wp-block-quote has-text-align-center is-layout-flow wp-block-quote-is-layout-flow\">\n<p class=\"wp-block-paragraph\">\u00abSiempre invito a la juventud venezolana a que regresen a su Patria y se incorporen a este proceso de recuperaci\u00f3n y de crecimiento, que yo llamo el renacer de Venezuela\u00bb, concluy\u00f3 la Presidenta, haciendo un llamado activo al retorno del talento joven para su integraci\u00f3n a los proyectos nacionales.<\/p>\n<\/blockquote>\n\n\n\n<p class=\"wp-block-paragraph\"><strong>Prensa Presidencial\/ Irmary D\u00edaz<\/strong><\/p>\n","protected":false},"excerpt":{"rendered":"<p>Caracas, Venezuela. &#8211; La presidenta de la Rep\u00fablica Bolivariana de Venezuela, Delcy Rodr\u00edguez, reafirm\u00f3 este mi\u00e9rcoles el compromiso del Gobierno Nacional por mantener el di\u00e1logo pol\u00edtico y diplom\u00e1tico para la resoluci\u00f3n de controversias internacionales y el fomento del desarrollo integral de la Naci\u00f3n. Durante su intervenci\u00f3n, la Jefa de Estado subray\u00f3 la importancia del entendimiento [&hellip;]<\/p>\n","protected":false},"author":15,"featured_media":52359,"comment_status":"open","ping_status":"open","sticky":false,"template":"","format":"standard","meta":{"footnotes":""},"categories":[18,7],"tags":[],"class_list":["post-52357","post","type-post","status-publish","format-standard","has-post-thumbnail","hentry","category-noticias-principales","category-notas-de-prensa"],"_links":{"self":[{"href":"https:\/\/prensapresidencialvenezuela.gob.ve\/index.php\/wp-json\/wp\/v2\/posts\/52357","targetHints":{"allow":["GET"]}}],"collection":[{"href":"https:\/\/prensapresidencialvenezuela.gob.ve\/index.php\/wp-json\/wp\/v2\/posts"}],"about":[{"href":"https:\/\/prensapresidencialvenezuela.gob.ve\/index.php\/wp-json\/wp\/v2\/types\/post"}],"author":[{"embeddable":true,"href":"https:\/\/prensapresidencialvenezuela.gob.ve\/index.php\/wp-json\/wp\/v2\/users\/15"}],"replies":[{"embeddable":true,"href":"https:\/\/prensapresidencialvenezuela.gob.ve\/index.php\/wp-json\/wp\/v2\/comments?post=52357"}],"version-history":[{"count":1,"href":"https:\/\/prensapresidencialvenezuela.gob.ve\/index.php\/wp-json\/wp\/v2\/posts\/52357\/revisions"}],"predecessor-version":[{"id":52360,"href":"https:\/\/prensapresidencialvenezuela.gob.ve\/index.php\/wp-json\/wp\/v2\/posts\/52357\/revisions\/52360"}],"wp:featuredmedia":[{"embeddable":true,"href":"https:\/\/prensapresidencialvenezuela.gob.ve\/index.php\/wp-json\/wp\/v2\/media\/52359"}],"wp:attachment":[{"href":"https:\/\/prensapresidencialvenezuela.gob.ve\/index.php\/wp-json\/wp\/v2\/media?parent=52357"}],"wp:term":[{"taxonomy":"category","embeddable":true,"href":"https:\/\/prensapresidencialvenezuela.gob.ve\/index.php\/wp-json\/wp\/v2\/categories?post=52357"},{"taxonomy":"post_tag","embeddable":true,"href":"https:\/\/prensapresidencialvenezuela.gob.ve\/index.php\/wp-json\/wp\/v2\/tags?post=52357"}],"curies":[{"name":"wp","href":"https:\/\/api.w.org\/{rel}","templated":true}]}}