{"id":52368,"date":"2026-09-02T19:39:36","date_gmt":"2026-09-02T23:39:36","guid":{"rendered":"https:\/\/prensapresidencialvenezuela.gob.ve\/?p=52368"},"modified":"2026-09-02T19:39:36","modified_gmt":"2026-09-02T23:39:36","slug":"plan-maestro-proyecta-al-estado-la-guaira-como-una-potencia-turistica-y-logistica-de-venezuela","status":"publish","type":"post","link":"https:\/\/prensapresidencialvenezuela.gob.ve\/index.php\/2026\/09\/02\/plan-maestro-proyecta-al-estado-la-guaira-como-una-potencia-turistica-y-logistica-de-venezuela\/","title":{"rendered":"Plan Maestro proyecta al estado La Guaira como una potencia tur\u00edstica y log\u00edstica de Venezuela"},"content":{"rendered":"\n<p class=\"wp-block-paragraph\"><strong>Caracas, Venezuela. &#8211; <\/strong>En el marco de una jornada orientada al fortalecimiento de la infraestructura y la econom\u00eda nacional, la presidenta de la Rep\u00fablica Bolivariana de Venezuela, Delcy Rodr\u00edguez, realiz\u00f3 una inspecci\u00f3n en el estado La Guaira; con la finalidad de supervisar de primera mano los avances en los trabajos de rehabilitaci\u00f3n y supervisi\u00f3n de la zona costera.<\/p>\n\n\n\n<figure class=\"wp-block-video\"><video height=\"852\" style=\"aspect-ratio: 480 \/ 852;\" width=\"480\" controls src=\"https:\/\/prensapresidencialvenezuela.gob.ve\/wp-content\/uploads\/2026\/09\/IMG_4414.mp4\"><\/video><\/figure>\n\n\n\n<p class=\"wp-block-paragraph\">Durante el recorrido por el litoral guaire\u00f1o, junto al vicepresidente sectorial de Obras P\u00fablicas y Servicios es Juan Jos\u00e9 Ram\u00edrez, y la ministra del Poder Popular para Hidrocarburos, Paula Henao; H\u00e9ctor Obreg\u00f3n, presidente de Petr\u00f3leos de Venezuela, S.A. (PDVSA), entre otra autoridades; destac\u00f3 el potencial de la regi\u00f3n dentro de la planificaci\u00f3n econ\u00f3mica y social del pa\u00eds.<\/p>\n\n\n\n<blockquote class=\"wp-block-quote has-text-align-center is-layout-flow wp-block-quote-is-layout-flow\">\n<blockquote class=\"wp-block-quote is-layout-flow wp-block-quote-is-layout-flow\">\n<h2 class=\"wp-block-heading\">\u00abViendo estas hermosas playas, ya yo miro al futuro y en el Plan Maestro habr\u00e1 grandes sorpresas para hacer de La Guaira la potencia tur\u00edstica, la potencia log\u00edstica que el pueblo guaire\u00f1o se merece. Toda esta belleza que se convierta en felicidad para el pueblo de La Guaira y de Venezuela\u00bb, puntualiz\u00f3 la Mandataria Nacional.<\/h2>\n<\/blockquote>\n<\/blockquote>\n\n\n\n<p class=\"wp-block-paragraph\">Al mismo tiempo, indic\u00f3 que, como parte del Plan Maestro proyectado para la entidad, se contemplan desarrollos orientados a consolidar a \u00abLa Guaira\u00bb como un polo de referencia tur\u00edstica y log\u00edstica, impulsando el bienestar social y el dinamismo econ\u00f3mico tanto local como nacional.<\/p>\n\n\n\n<blockquote class=\"wp-block-quote is-layout-flow wp-block-quote-is-layout-flow\">\n<p class=\"wp-block-paragraph\">\u00abLa Guaira tiene un potencial extraordinario y lo vamos a transformar en bienestar para su pueblo (\u2026), supervisamos su recuperaci\u00f3n y frente a la belleza de sus playas, vemos el futuro: Una potencia tur\u00edstica y log\u00edstica para Venezuela\u00bb, manifest\u00f3 Rodr\u00edguez.<\/p>\n<\/blockquote>\n\n\n\n<p class=\"wp-block-paragraph\">Esta visita se dio tras la firma de acuerdos energ\u00e9ticos destinados al desarrollo del Campo Verde, as\u00ed como alianzas clave enfocadas en la recuperaci\u00f3n y estabilizaci\u00f3n del Sistema El\u00e9ctrico Nacional (SEN).<\/p>\n\n\n\n<p class=\"wp-block-paragraph\"><strong>Prensa Presidencial\/ Irmary D\u00edaz<\/strong><\/p>\n\n\n\n<p class=\"wp-block-paragraph\"><canvas width=\"20\" height=\"20\"><\/canvas><\/p>\n","protected":false},"excerpt":{"rendered":"<p>Caracas, Venezuela. &#8211; En el marco de una jornada orientada al fortalecimiento de la infraestructura y la econom\u00eda nacional, la presidenta de la Rep\u00fablica Bolivariana de Venezuela, Delcy Rodr\u00edguez, realiz\u00f3 una inspecci\u00f3n en el estado La Guaira; con la finalidad de supervisar de primera mano los avances en los trabajos de rehabilitaci\u00f3n y supervisi\u00f3n de [&hellip;]<\/p>\n","protected":false},"author":15,"featured_media":52373,"comment_status":"open","ping_status":"open","sticky":false,"template":"","format":"standard","meta":{"footnotes":""},"categories":[18,7],"tags":[],"class_list":["post-52368","post","type-post","status-publish","format-standard","has-post-thumbnail","hentry","category-noticias-principales","category-notas-de-prensa"],"_links":{"self":[{"href":"https:\/\/prensapresidencialvenezuela.gob.ve\/index.php\/wp-json\/wp\/v2\/posts\/52368","targetHints":{"allow":["GET"]}}],"collection":[{"href":"https:\/\/prensapresidencialvenezuela.gob.ve\/index.php\/wp-json\/wp\/v2\/posts"}],"about":[{"href":"https:\/\/prensapresidencialvenezuela.gob.ve\/index.php\/wp-json\/wp\/v2\/types\/post"}],"author":[{"embeddable":true,"href":"https:\/\/prensapresidencialvenezuela.gob.ve\/index.php\/wp-json\/wp\/v2\/users\/15"}],"replies":[{"embeddable":true,"href":"https:\/\/prensapresidencialvenezuela.gob.ve\/index.php\/wp-json\/wp\/v2\/comments?post=52368"}],"version-history":[{"count":3,"href":"https:\/\/prensapresidencialvenezuela.gob.ve\/index.php\/wp-json\/wp\/v2\/posts\/52368\/revisions"}],"predecessor-version":[{"id":52374,"href":"https:\/\/prensapresidencialvenezuela.gob.ve\/index.php\/wp-json\/wp\/v2\/posts\/52368\/revisions\/52374"}],"wp:featuredmedia":[{"embeddable":true,"href":"https:\/\/prensapresidencialvenezuela.gob.ve\/index.php\/wp-json\/wp\/v2\/media\/52373"}],"wp:attachment":[{"href":"https:\/\/prensapresidencialvenezuela.gob.ve\/index.php\/wp-json\/wp\/v2\/media?parent=52368"}],"wp:term":[{"taxonomy":"category","embeddable":true,"href":"https:\/\/prensapresidencialvenezuela.gob.ve\/index.php\/wp-json\/wp\/v2\/categories?post=52368"},{"taxonomy":"post_tag","embeddable":true,"href":"https:\/\/prensapresidencialvenezuela.gob.ve\/index.php\/wp-json\/wp\/v2\/tags?post=52368"}],"curies":[{"name":"wp","href":"https:\/\/api.w.org\/{rel}","templated":true}]}}