{"id":52385,"date":"2026-09-02T14:32:19","date_gmt":"2026-09-02T18:32:19","guid":{"rendered":"https:\/\/prensapresidencialvenezuela.gob.ve\/?p=52385"},"modified":"2026-09-03T14:33:10","modified_gmt":"2026-09-03T18:33:10","slug":"valle-de-beraca-el-germinar-de-la-juventud-agricola-que-transforma-a-caricuao-en-un-valle-de-bendiciones","status":"publish","type":"post","link":"https:\/\/prensapresidencialvenezuela.gob.ve\/index.php\/2026\/09\/02\/valle-de-beraca-el-germinar-de-la-juventud-agricola-que-transforma-a-caricuao-en-un-valle-de-bendiciones\/","title":{"rendered":"ESPECIAL ||\u00a0Valle de Beraca: El germinar de la juventud agr\u00edcola que transforma a Caricuao en un \u00abValle de Bendiciones\u00bb"},"content":{"rendered":"\n<p class=\"wp-block-paragraph\"><strong>Caracas, Venezuela. &#8211;<\/strong> El pasado martes 1\u00ba de septiembre, el sol ilumin\u00f3 las monta\u00f1as de \u00abValle de Beraca\u00bb, pintadas de una verde esperanza que apenas despuntaba sobre Caricuao cuando las puertas de la Unidad Productiva y Escuela de Formaci\u00f3n \u00abValle de Beraca\u00bb se abrieron formalmente para recibir a la presidenta de la Rep\u00fablica Bolivariana de Venezuela, Delcy Rodr\u00edguez.<\/p>\n\n\n\n<figure class=\"wp-block-image size-large\"><img fetchpriority=\"high\" decoding=\"async\" width=\"1024\" height=\"717\" src=\"https:\/\/prensapresidencialvenezuela.gob.ve\/wp-content\/uploads\/2026\/09\/02_ZC__9110_P-1-1024x717.jpg\" alt=\"\" class=\"wp-image-52387\" srcset=\"https:\/\/prensapresidencialvenezuela.gob.ve\/wp-content\/uploads\/2026\/09\/02_ZC__9110_P-1-1024x717.jpg 1024w, https:\/\/prensapresidencialvenezuela.gob.ve\/wp-content\/uploads\/2026\/09\/02_ZC__9110_P-1-300x210.jpg 300w, https:\/\/prensapresidencialvenezuela.gob.ve\/wp-content\/uploads\/2026\/09\/02_ZC__9110_P-1-768x537.jpg 768w, https:\/\/prensapresidencialvenezuela.gob.ve\/wp-content\/uploads\/2026\/09\/02_ZC__9110_P-1-1536x1075.jpg 1536w, https:\/\/prensapresidencialvenezuela.gob.ve\/wp-content\/uploads\/2026\/09\/02_ZC__9110_P-1-2048x1433.jpg 2048w\" sizes=\"(max-width: 1024px) 100vw, 1024px\" \/><\/figure>\n\n\n\n<p class=\"wp-block-paragraph\">Este encuentro se desarroll\u00f3 en el coraz\u00f3n de la Comuna Ecol\u00f3gica Zool\u00f3gico (UD3, CC2), donde las voces de la comunidad se escuchan fuerte y transforma los espacios en una fiesta de tierra f\u00e9rtil, herramientas de labranza y, sobre todo, una profunda esperanza juvenil.<\/p>\n\n\n\n<p class=\"wp-block-paragraph\">El aire en el sector se respiraba distinto, porque luego de ese 24 de junio, cuando un doblete s\u00edsmico estremeci\u00f3 el suelo venezolano; los habitantes del sector y juventud productiva entre picos, palas y abono, se unieron no solo para dar la bienvenida a esta tierra f\u00e9rtil, sino para asumir un compromiso con el futuro.<\/p>\n\n\n\n<p class=\"wp-block-paragraph\">\u00abValle de Beraca\u00bb nace con una vocaci\u00f3n clara, ser el gran formador de la juventud productora y agr\u00edcola de la comunidad que integra a varias generaciones; para sembrar la semilla de la soberan\u00eda alimentaria y el respeto ambiental.<\/p>\n\n\n\n<p class=\"wp-block-paragraph\"><strong>Sembrar conocimiento para cosechar futuro<\/strong><\/p>\n\n\n\n<p class=\"wp-block-paragraph\">Durante el recorrido por las \u00e1reas de \u00abValle de Beraca\u00bb, el entusiasmo era visible y palpable; porque los espacios de la unidad combinan la teor\u00eda agroecol\u00f3gica con la pr\u00e1ctica directa en el campo, ense\u00f1ando desde la preparaci\u00f3n de sustratos org\u00e1nicos y el compostaje, hasta el manejo responsable del agua y la siembra de ciclo corto.<\/p>\n\n\n\n<p class=\"wp-block-paragraph\">Aqu\u00ed no solo se ense\u00f1a a sembrar hortaliza; cr\u00eda de gallinas ponedoras y porcina, sino que se emplea la disciplina, amor por la tierra y trabajo en equipo para transformar el territorio.<\/p>\n\n\n\n<p class=\"wp-block-paragraph\"><strong>Pulm\u00f3n productivo en la Comuna Ecol\u00f3gica<\/strong><\/p>\n\n\n\n<p class=\"wp-block-paragraph\">Esta comuna est\u00e1 marcada por su identidad ecol\u00f3gica, en la que la escuela busca integrarse de manera arm\u00f3nica con el entorno, promoviendo pr\u00e1cticas que cuiden la biodiversidad local y reduzcan el impacto ambiental. \u00abValle de Beraca\u00bb est\u00e1 germinando y en sus surcos no solo crecer\u00e1n alimentos, sino una juventud empoderada, productiva y lista para cosechar el ma\u00f1ana.<\/p>\n\n\n\n<p class=\"wp-block-paragraph\">Esta tierra toma su nombre del c\u00e9lebre pasaje b\u00edblico del libro de Cr\u00f3nicas, donde el \u00abValle de Beraca\u00bb es reconocido literalmente como el \u00abValle de la Bendici\u00f3n\u00bb, un lugar donde el pueblo, tras superar la adversidad, se reuni\u00f3 para dar gracias y celebrar la abundancia recibida, inspirada en esa historia de fe y prosperidad; con el prop\u00f3sito de transformar la tierra en un verdadero espacio de bendici\u00f3n comunitaria, donde el trabajo productivo, la ense\u00f1anza agr\u00edcola y el esfuerzo colectivo de la juventud germinen en frutos de desarrollo, esperanza y soberan\u00eda para toda la comunidad y el pa\u00eds.<\/p>\n\n\n\n<p class=\"wp-block-paragraph\"><strong>Prensa Presidencial\/ Irmary D\u00edaz<\/strong><\/p>\n","protected":false},"excerpt":{"rendered":"<p>Caracas, Venezuela. &#8211; El pasado martes 1\u00ba de septiembre, el sol ilumin\u00f3 las monta\u00f1as de \u00abValle de Beraca\u00bb, pintadas de una verde esperanza que apenas despuntaba sobre Caricuao cuando las puertas de la Unidad Productiva y Escuela de Formaci\u00f3n \u00abValle de Beraca\u00bb se abrieron formalmente para recibir a la presidenta de la Rep\u00fablica Bolivariana de [&hellip;]<\/p>\n","protected":false},"author":15,"featured_media":52386,"comment_status":"open","ping_status":"open","sticky":false,"template":"","format":"standard","meta":{"footnotes":""},"categories":[18,10],"tags":[],"class_list":["post-52385","post","type-post","status-publish","format-standard","has-post-thumbnail","hentry","category-noticias-principales","category-especiales"],"_links":{"self":[{"href":"https:\/\/prensapresidencialvenezuela.gob.ve\/index.php\/wp-json\/wp\/v2\/posts\/52385","targetHints":{"allow":["GET"]}}],"collection":[{"href":"https:\/\/prensapresidencialvenezuela.gob.ve\/index.php\/wp-json\/wp\/v2\/posts"}],"about":[{"href":"https:\/\/prensapresidencialvenezuela.gob.ve\/index.php\/wp-json\/wp\/v2\/types\/post"}],"author":[{"embeddable":true,"href":"https:\/\/prensapresidencialvenezuela.gob.ve\/index.php\/wp-json\/wp\/v2\/users\/15"}],"replies":[{"embeddable":true,"href":"https:\/\/prensapresidencialvenezuela.gob.ve\/index.php\/wp-json\/wp\/v2\/comments?post=52385"}],"version-history":[{"count":2,"href":"https:\/\/prensapresidencialvenezuela.gob.ve\/index.php\/wp-json\/wp\/v2\/posts\/52385\/revisions"}],"predecessor-version":[{"id":52389,"href":"https:\/\/prensapresidencialvenezuela.gob.ve\/index.php\/wp-json\/wp\/v2\/posts\/52385\/revisions\/52389"}],"wp:featuredmedia":[{"embeddable":true,"href":"https:\/\/prensapresidencialvenezuela.gob.ve\/index.php\/wp-json\/wp\/v2\/media\/52386"}],"wp:attachment":[{"href":"https:\/\/prensapresidencialvenezuela.gob.ve\/index.php\/wp-json\/wp\/v2\/media?parent=52385"}],"wp:term":[{"taxonomy":"category","embeddable":true,"href":"https:\/\/prensapresidencialvenezuela.gob.ve\/index.php\/wp-json\/wp\/v2\/categories?post=52385"},{"taxonomy":"post_tag","embeddable":true,"href":"https:\/\/prensapresidencialvenezuela.gob.ve\/index.php\/wp-json\/wp\/v2\/tags?post=52385"}],"curies":[{"name":"wp","href":"https:\/\/api.w.org\/{rel}","templated":true}]}}