{"id":5239,"date":"2023-05-16T00:34:10","date_gmt":"2023-05-16T00:34:10","guid":{"rendered":"http:\/\/172.27.0.121\/?p=5239"},"modified":"2023-05-16T00:34:10","modified_gmt":"2023-05-16T00:34:10","slug":"ejecutivo-convoca-a-sumar-esfuerzos-para-concluir-centro-de-formacion-docente-de-el-sistema","status":"publish","type":"post","link":"https:\/\/prensapresidencialvenezuela.gob.ve\/index.php\/2023\/05\/16\/ejecutivo-convoca-a-sumar-esfuerzos-para-concluir-centro-de-formacion-docente-de-el-sistema\/","title":{"rendered":"Ejecutivo convoca a sumar esfuerzos para concluir Centro de Formaci\u00f3n Docente de El Sistema"},"content":{"rendered":"\n<p><strong>Palacio de Miraflores, Caracas.- <\/strong>El presidente de la Rep\u00fablica, Nicol\u00e1s Maduro, convoc\u00f3 a banqueros y empresarios venezolanos a sumar esfuerzos para culminar la construcci\u00f3n del Centro de Formaci\u00f3n Docente, que formar\u00e1 parte del Centro Nacional de Acci\u00f3n Social por la M\u00fasica.<\/p>\n\n\n\n<p>Durante la emisi\u00f3n de programa \u201cCon Maduro +\u201d, transmitido a trav\u00e9s de Venezolana de Televisi\u00f3n (VTV), instruy\u00f3 a \u201cbuscar una alianza con el sector privado\u201d en aras de que aporten recursos financieros que permitan finalizar la edificaci\u00f3n que sirve de sede al el Sistema Nacional de Orquestas y Coros Juveniles e Infantiles de Venezuela.<\/p>\n\n\n\n<p>\u201c\u00bfNo habr\u00e1 gente del sector privado que est\u00e9 dispuesto a hacer una alianza, poner recursos? Y bueno, que se le reconozcan en los impuestos. Convoca a los sectores m\u00e1s poderosos, a los banqueros, para terminar el Centro Nacional de Acci\u00f3n Social por la M\u00fasica\u201d, orden\u00f3.<\/p>\n\n\n\n<p>El jefe de Estado enfatiz\u00f3 que, en paralelo, el Gobierno Nacional duplicar\u00e1 sus esfuerzos para destinar los recursos necesarios para la construcci\u00f3n \u201cporque ese Centro (de Formaci\u00f3n Docente) hay que terminarlo llueva, truene o relampague\u00e9\u201d.<\/p>\n\n\n\n<p>Al respecto, el director ejecutivo de El Sistema, Eduardo M\u00e9ndez, se\u00f1al\u00f3 que pr\u00f3ximamente se reactivar\u00e1n las labores de construcci\u00f3n, dado que el espacio tributar\u00e1 a la profesionalizaci\u00f3n de m\u00fasicos.<\/p>\n\n\n\n<p>\u201cLos espacios actuales si bien son muy bonitos, ya se vuelven insuficientes. Es una idea fabulosa, el sue\u00f1o del Maestro (Jos\u00e9 Antonio) Abreu de ir expandiendo los espacios\u201d, destac\u00f3.<\/p>\n\n\n\n<p><strong>Prensa Presidencial \/ Karelis Gonz\u00e1lez<\/strong><\/p>\n","protected":false},"excerpt":{"rendered":"<p>Palacio de Miraflores, Caracas.- El presidente de la Rep\u00fablica, Nicol\u00e1s Maduro, convoc\u00f3 a banqueros y empresarios venezolanos a sumar esfuerzos para culminar la construcci\u00f3n del Centro de Formaci\u00f3n Docente, que formar\u00e1 parte del Centro Nacional de Acci\u00f3n Social por la M\u00fasica. Durante la emisi\u00f3n de programa \u201cCon Maduro +\u201d, transmitido a trav\u00e9s de Venezolana de [&hellip;]<\/p>\n","protected":false},"author":6,"featured_media":5240,"comment_status":"open","ping_status":"open","sticky":false,"template":"","format":"standard","meta":{"footnotes":""},"categories":[18,7],"tags":[30,19,27,20],"class_list":["post-5239","post","type-post","status-publish","format-standard","has-post-thumbnail","hentry","category-noticias-principales","category-notas-de-prensa","tag-destacado","tag-nicolas-maduro","tag-revolucion-bolivariana","tag-venezuela"],"_links":{"self":[{"href":"https:\/\/prensapresidencialvenezuela.gob.ve\/index.php\/wp-json\/wp\/v2\/posts\/5239","targetHints":{"allow":["GET"]}}],"collection":[{"href":"https:\/\/prensapresidencialvenezuela.gob.ve\/index.php\/wp-json\/wp\/v2\/posts"}],"about":[{"href":"https:\/\/prensapresidencialvenezuela.gob.ve\/index.php\/wp-json\/wp\/v2\/types\/post"}],"author":[{"embeddable":true,"href":"https:\/\/prensapresidencialvenezuela.gob.ve\/index.php\/wp-json\/wp\/v2\/users\/6"}],"replies":[{"embeddable":true,"href":"https:\/\/prensapresidencialvenezuela.gob.ve\/index.php\/wp-json\/wp\/v2\/comments?post=5239"}],"version-history":[{"count":1,"href":"https:\/\/prensapresidencialvenezuela.gob.ve\/index.php\/wp-json\/wp\/v2\/posts\/5239\/revisions"}],"predecessor-version":[{"id":5241,"href":"https:\/\/prensapresidencialvenezuela.gob.ve\/index.php\/wp-json\/wp\/v2\/posts\/5239\/revisions\/5241"}],"wp:featuredmedia":[{"embeddable":true,"href":"https:\/\/prensapresidencialvenezuela.gob.ve\/index.php\/wp-json\/wp\/v2\/media\/5240"}],"wp:attachment":[{"href":"https:\/\/prensapresidencialvenezuela.gob.ve\/index.php\/wp-json\/wp\/v2\/media?parent=5239"}],"wp:term":[{"taxonomy":"category","embeddable":true,"href":"https:\/\/prensapresidencialvenezuela.gob.ve\/index.php\/wp-json\/wp\/v2\/categories?post=5239"},{"taxonomy":"post_tag","embeddable":true,"href":"https:\/\/prensapresidencialvenezuela.gob.ve\/index.php\/wp-json\/wp\/v2\/tags?post=5239"}],"curies":[{"name":"wp","href":"https:\/\/api.w.org\/{rel}","templated":true}]}}