{"id":52392,"date":"2026-09-03T17:06:22","date_gmt":"2026-09-03T21:06:22","guid":{"rendered":"https:\/\/prensapresidencialvenezuela.gob.ve\/?p=52392"},"modified":"2026-09-03T17:06:22","modified_gmt":"2026-09-03T21:06:22","slug":"presidenta-delcy-rodriguez-lidera-reunion-de-trabajo-con-gobernadores-alcaldes-y-alto-mando-politico","status":"publish","type":"post","link":"https:\/\/prensapresidencialvenezuela.gob.ve\/index.php\/2026\/09\/03\/presidenta-delcy-rodriguez-lidera-reunion-de-trabajo-con-gobernadores-alcaldes-y-alto-mando-politico\/","title":{"rendered":"Presidenta Delcy Rodr\u00edguez lidera reuni\u00f3n de trabajo con gobernadores, alcaldes y Alto Mando Pol\u00edtico"},"content":{"rendered":"\n<p class=\"wp-block-paragraph\"><strong>Caracas, Venezuela. &#8211; <\/strong>La presidenta de la Rep\u00fablica Bolivariana de Venezuela, Delcy Rodr\u00edguez, lider\u00f3 este jueves una reuni\u00f3n de trabajo con gobernadores, alcaldes e integrantes del Alto Mando Pol\u00edtico; con el objetivo de evaluar y coordinar estrategias orientadas al desarrollo del pa\u00eds.<\/p>\n\n\n\n<p class=\"wp-block-paragraph\">Durante la jornada, tambi\u00e9n se abordaron puntos para el avance de los proyectos regionales y locales, haciendo especial \u00e9nfasis en la optimizaci\u00f3n de los recursos y en la articulaci\u00f3n eficiente entre el Gobierno Nacional y los gobiernos regionales.<\/p>\n\n\n\n<figure class=\"wp-block-image size-large\"><img fetchpriority=\"high\" decoding=\"async\" width=\"1024\" height=\"577\" src=\"https:\/\/prensapresidencialvenezuela.gob.ve\/wp-content\/uploads\/2026\/09\/JC_L1072-1024x577.jpg\" alt=\"\" class=\"wp-image-52396\" srcset=\"https:\/\/prensapresidencialvenezuela.gob.ve\/wp-content\/uploads\/2026\/09\/JC_L1072-1024x577.jpg 1024w, https:\/\/prensapresidencialvenezuela.gob.ve\/wp-content\/uploads\/2026\/09\/JC_L1072-300x169.jpg 300w, https:\/\/prensapresidencialvenezuela.gob.ve\/wp-content\/uploads\/2026\/09\/JC_L1072-768x433.jpg 768w, https:\/\/prensapresidencialvenezuela.gob.ve\/wp-content\/uploads\/2026\/09\/JC_L1072-1536x865.jpg 1536w, https:\/\/prensapresidencialvenezuela.gob.ve\/wp-content\/uploads\/2026\/09\/JC_L1072-2048x1154.jpg 2048w\" sizes=\"(max-width: 1024px) 100vw, 1024px\" \/><\/figure>\n\n\n\n<p class=\"wp-block-paragraph\">Asimismo, se destacaron las l\u00edneas de acci\u00f3n prioritarias para garantizar la estabilidad econ\u00f3mica y la protecci\u00f3n social de la poblaci\u00f3n venezolana en los pr\u00f3ximos meses.<\/p>\n\n\n\n<p class=\"wp-block-paragraph\">Con este encuentro de alto nivel, se ratifica el compromiso del Gobierno Nacional de mantener un canal permanente de di\u00e1logo y planificaci\u00f3n conjunta con los distintos niveles de gobierno; garantizando as\u00ed la eficacia en la ejecuci\u00f3n de la pol\u00edtica p\u00fablica y la resoluci\u00f3n oportuna de las necesidades del pueblo venezolano.<\/p>\n\n\n\n<p class=\"wp-block-paragraph\"><strong>Prensa Presidencial\/ Irmary D\u00edaz<\/strong><\/p>\n","protected":false},"excerpt":{"rendered":"<p>Caracas, Venezuela. &#8211; La presidenta de la Rep\u00fablica Bolivariana de Venezuela, Delcy Rodr\u00edguez, lider\u00f3 este jueves una reuni\u00f3n de trabajo con gobernadores, alcaldes e integrantes del Alto Mando Pol\u00edtico; con el objetivo de evaluar y coordinar estrategias orientadas al desarrollo del pa\u00eds. Durante la jornada, tambi\u00e9n se abordaron puntos para el avance de los proyectos [&hellip;]<\/p>\n","protected":false},"author":15,"featured_media":52395,"comment_status":"open","ping_status":"open","sticky":false,"template":"","format":"standard","meta":{"footnotes":""},"categories":[18,7],"tags":[],"class_list":["post-52392","post","type-post","status-publish","format-standard","has-post-thumbnail","hentry","category-noticias-principales","category-notas-de-prensa"],"_links":{"self":[{"href":"https:\/\/prensapresidencialvenezuela.gob.ve\/index.php\/wp-json\/wp\/v2\/posts\/52392","targetHints":{"allow":["GET"]}}],"collection":[{"href":"https:\/\/prensapresidencialvenezuela.gob.ve\/index.php\/wp-json\/wp\/v2\/posts"}],"about":[{"href":"https:\/\/prensapresidencialvenezuela.gob.ve\/index.php\/wp-json\/wp\/v2\/types\/post"}],"author":[{"embeddable":true,"href":"https:\/\/prensapresidencialvenezuela.gob.ve\/index.php\/wp-json\/wp\/v2\/users\/15"}],"replies":[{"embeddable":true,"href":"https:\/\/prensapresidencialvenezuela.gob.ve\/index.php\/wp-json\/wp\/v2\/comments?post=52392"}],"version-history":[{"count":2,"href":"https:\/\/prensapresidencialvenezuela.gob.ve\/index.php\/wp-json\/wp\/v2\/posts\/52392\/revisions"}],"predecessor-version":[{"id":52397,"href":"https:\/\/prensapresidencialvenezuela.gob.ve\/index.php\/wp-json\/wp\/v2\/posts\/52392\/revisions\/52397"}],"wp:featuredmedia":[{"embeddable":true,"href":"https:\/\/prensapresidencialvenezuela.gob.ve\/index.php\/wp-json\/wp\/v2\/media\/52395"}],"wp:attachment":[{"href":"https:\/\/prensapresidencialvenezuela.gob.ve\/index.php\/wp-json\/wp\/v2\/media?parent=52392"}],"wp:term":[{"taxonomy":"category","embeddable":true,"href":"https:\/\/prensapresidencialvenezuela.gob.ve\/index.php\/wp-json\/wp\/v2\/categories?post=52392"},{"taxonomy":"post_tag","embeddable":true,"href":"https:\/\/prensapresidencialvenezuela.gob.ve\/index.php\/wp-json\/wp\/v2\/tags?post=52392"}],"curies":[{"name":"wp","href":"https:\/\/api.w.org\/{rel}","templated":true}]}}