{"id":52409,"date":"2026-09-04T16:05:59","date_gmt":"2026-09-04T20:05:59","guid":{"rendered":"https:\/\/prensapresidencialvenezuela.gob.ve\/?p=52409"},"modified":"2026-09-04T16:05:59","modified_gmt":"2026-09-04T20:05:59","slug":"presidenta-delcy-rodriguez-concreta-alianza-con-empresa-geopark-para-proyectos-en-la-faja-petrolifera-del-orinoco","status":"publish","type":"post","link":"https:\/\/prensapresidencialvenezuela.gob.ve\/index.php\/2026\/09\/04\/presidenta-delcy-rodriguez-concreta-alianza-con-empresa-geopark-para-proyectos-en-la-faja-petrolifera-del-orinoco\/","title":{"rendered":"Presidenta Delcy Rodr\u00edguez concreta alianza con empresa Geopark para proyectos en la Faja Petrol\u00edfera del Orinoco"},"content":{"rendered":"\n<p class=\"wp-block-paragraph\"><strong>Caracas, Venezuela.- <\/strong>En un acto que reafirma la confianza y la cooperaci\u00f3n regional, la presidenta de la Rep\u00fablica Bolivariana de Venezuela, Delcy Rodr\u00edguez, encabez\u00f3 la firma del Contrato de Participaci\u00f3n Productiva de Hidrocarburos (CPP) para actividades primarias en el Bloque Bar\u00e9, suscrito entre Petr\u00f3leos de Venezuela (Pdvsa) y la empresa Geopark.<\/p>\n\n\n\n<p class=\"wp-block-paragraph\">Durante la jornada, la Mandataria Nacional dio la bienvenida al presidente del Grupo Gilinski, Jaime Gilinski Bacal, destacando la relevancia de esta alianza con una corporaci\u00f3n colombiana de gran peso econ\u00f3mico.<\/p>\n\n\n\n<p class=\"wp-block-paragraph\">Rodr\u00edguez destaca que <strong>este acercamiento es una clara se\u00f1al de la confianza que los inversionistas internacionales<\/strong> depositan actualmente en el marco legal y regulatorio del pa\u00eds, fortaleciendo as\u00ed los v\u00ednculos de hermandad entre ambas naciones.<\/p>\n\n\n\n<figure class=\"wp-block-image size-large\"><img fetchpriority=\"high\" decoding=\"async\" width=\"1024\" height=\"715\" src=\"https:\/\/prensapresidencialvenezuela.gob.ve\/wp-content\/uploads\/2026\/09\/JC_L1286-1024x715.jpg\" alt=\"\" class=\"wp-image-52412\" srcset=\"https:\/\/prensapresidencialvenezuela.gob.ve\/wp-content\/uploads\/2026\/09\/JC_L1286-1024x715.jpg 1024w, https:\/\/prensapresidencialvenezuela.gob.ve\/wp-content\/uploads\/2026\/09\/JC_L1286-300x209.jpg 300w, https:\/\/prensapresidencialvenezuela.gob.ve\/wp-content\/uploads\/2026\/09\/JC_L1286-768x536.jpg 768w, https:\/\/prensapresidencialvenezuela.gob.ve\/wp-content\/uploads\/2026\/09\/JC_L1286-1536x1072.jpg 1536w, https:\/\/prensapresidencialvenezuela.gob.ve\/wp-content\/uploads\/2026\/09\/JC_L1286-2048x1430.jpg 2048w\" sizes=\"(max-width: 1024px) 100vw, 1024px\" \/><\/figure>\n\n\n\n<p class=\"wp-block-paragraph\"><strong><em>Un compromiso con el bienestar social<\/em><\/strong><\/p>\n\n\n\n<p class=\"wp-block-paragraph\">El objetivo fundamental de este acuerdo es potenciar la recuperaci\u00f3n de la industria petrolera nacional, impulsando un incremento en la producci\u00f3n que impacte directamente en la calidad de vida de los venezolanos.<\/p>\n\n\n\n<p class=\"wp-block-paragraph\">La Presidenta ha expresado que c<strong>ada barril extra\u00eddo bajo este nuevo esquema debe traducirse en beneficios tangibles para el pueblo<\/strong>, reflej\u00e1ndose en \u00e1reas esenciales como la salud, la alimentaci\u00f3n, la educaci\u00f3n y la mejora salarial.<\/p>\n\n\n\n<p class=\"wp-block-paragraph\">Rodr\u00edguez agradeci\u00f3 el esfuerzo del Grupo Gilinski por apostar por el desarrollo energ\u00e9tico del pa\u00eds. Este acuerdo no solo representa una inyecci\u00f3n t\u00e9cnica y financiera para el Bloque Bar\u00e9, sino que se suma a una serie de alianzas estrat\u00e9gicas que buscan consolidar la soberan\u00eda econ\u00f3mica.<\/p>\n\n\n\n<p class=\"wp-block-paragraph\"><strong>Prensa Presidencial\/ Claudia Guerra M\u00e9ndez<\/strong><\/p>\n","protected":false},"excerpt":{"rendered":"<p>Caracas, Venezuela.- En un acto que reafirma la confianza y la cooperaci\u00f3n regional, la presidenta de la Rep\u00fablica Bolivariana de Venezuela, Delcy Rodr\u00edguez, encabez\u00f3 la firma del Contrato de Participaci\u00f3n Productiva de Hidrocarburos (CPP) para actividades primarias en el Bloque Bar\u00e9, suscrito entre Petr\u00f3leos de Venezuela (Pdvsa) y la empresa Geopark. Durante la jornada, la [&hellip;]<\/p>\n","protected":false},"author":18,"featured_media":52411,"comment_status":"open","ping_status":"open","sticky":false,"template":"","format":"standard","meta":{"footnotes":""},"categories":[18,7],"tags":[40,122,455,20],"class_list":["post-52409","post","type-post","status-publish","format-standard","has-post-thumbnail","hentry","category-noticias-principales","category-notas-de-prensa","tag-colombia","tag-delcy-rodriguez","tag-pdvsa","tag-venezuela"],"_links":{"self":[{"href":"https:\/\/prensapresidencialvenezuela.gob.ve\/index.php\/wp-json\/wp\/v2\/posts\/52409","targetHints":{"allow":["GET"]}}],"collection":[{"href":"https:\/\/prensapresidencialvenezuela.gob.ve\/index.php\/wp-json\/wp\/v2\/posts"}],"about":[{"href":"https:\/\/prensapresidencialvenezuela.gob.ve\/index.php\/wp-json\/wp\/v2\/types\/post"}],"author":[{"embeddable":true,"href":"https:\/\/prensapresidencialvenezuela.gob.ve\/index.php\/wp-json\/wp\/v2\/users\/18"}],"replies":[{"embeddable":true,"href":"https:\/\/prensapresidencialvenezuela.gob.ve\/index.php\/wp-json\/wp\/v2\/comments?post=52409"}],"version-history":[{"count":2,"href":"https:\/\/prensapresidencialvenezuela.gob.ve\/index.php\/wp-json\/wp\/v2\/posts\/52409\/revisions"}],"predecessor-version":[{"id":52413,"href":"https:\/\/prensapresidencialvenezuela.gob.ve\/index.php\/wp-json\/wp\/v2\/posts\/52409\/revisions\/52413"}],"wp:featuredmedia":[{"embeddable":true,"href":"https:\/\/prensapresidencialvenezuela.gob.ve\/index.php\/wp-json\/wp\/v2\/media\/52411"}],"wp:attachment":[{"href":"https:\/\/prensapresidencialvenezuela.gob.ve\/index.php\/wp-json\/wp\/v2\/media?parent=52409"}],"wp:term":[{"taxonomy":"category","embeddable":true,"href":"https:\/\/prensapresidencialvenezuela.gob.ve\/index.php\/wp-json\/wp\/v2\/categories?post=52409"},{"taxonomy":"post_tag","embeddable":true,"href":"https:\/\/prensapresidencialvenezuela.gob.ve\/index.php\/wp-json\/wp\/v2\/tags?post=52409"}],"curies":[{"name":"wp","href":"https:\/\/api.w.org\/{rel}","templated":true}]}}