{"id":5242,"date":"2023-05-17T22:40:41","date_gmt":"2023-05-17T22:40:41","guid":{"rendered":"http:\/\/172.27.0.121\/?p=5242"},"modified":"2023-05-17T22:40:41","modified_gmt":"2023-05-17T22:40:41","slug":"presidente-maduro-recibe-delegacion-del-partido-comunista-de-china","status":"publish","type":"post","link":"https:\/\/prensapresidencialvenezuela.gob.ve\/index.php\/2023\/05\/17\/presidente-maduro-recibe-delegacion-del-partido-comunista-de-china\/","title":{"rendered":"Presidente Maduro recibe delegaci\u00f3n del Partido Comunista de China"},"content":{"rendered":"\n<p><strong>Palacio de Miraflores, Caracas.-<\/strong> Con miras a profundizar las relaciones pol\u00edticas entre la Rep\u00fablica Bolivariana de Venezuela y la Rep\u00fablica Popular China, el jefe de Estado y de Gobierno venezolano, Nicol\u00e1s Maduro, recibe este mi\u00e9rcoles, al\u00a0 Viceministro de Asuntos Latinoamericanos del Departamento Internacional del Comit\u00e9 Central del Partido Comunista de China (PCCh), Li Mingxiang.<\/p>\n\n\n\n<p>Adem\u00e1s, se encuentran presentes el Subdirector General del Bur\u00f3 de Am\u00e9rica Latina, Jin Xiaopeng,; la Jefa de Secci\u00f3n Integral del Bur\u00f3 de Am\u00e9rica Latina, Chen Wenxue; el subjefe de Secci\u00f3n II del Bur\u00f3 de Am\u00e9rica Latina, Zhou Xiangmeng y los funcionario de Departamento Internacional del Comit\u00e9 Central del PCCh, Pan Jiqiang y &nbsp;Lan Tianlin.<\/p>\n\n\n\n<p>Por Venezuela, integran la delegaci\u00f3n la viceministra para Asia, Medio Oriente y Ocean\u00eda, Tatiana Pugh, la primera combatiente, Cilia Flores y el diputado a la Asamblea Nacional, Nicol\u00e1s Maduro Guerra..<\/p>\n\n\n\n<p>El encuentro que se desarrolla en el Despacho 1 del Palacio de Miraflores, ubicado en Caracas, servir\u00e1 para fortalecer de las relaciones estrat\u00e9gicas entre ambas fuerzas pol\u00edticas.<\/p>\n\n\n\n<p>El Partido Comunista de China tiene m\u00e1s 96,7 millones de militantes procedentes de todos los sectores de la vida socioecon\u00f3mica y adem\u00e1s 4,9 millones de organizaciones de base.<\/p>\n\n\n\n<p><strong>Prensa Presidencial\/ Karla Cotoret<\/strong><\/p>\n","protected":false},"excerpt":{"rendered":"<p>Palacio de Miraflores, Caracas.- Con miras a profundizar las relaciones pol\u00edticas entre la Rep\u00fablica Bolivariana de Venezuela y la Rep\u00fablica Popular China, el jefe de Estado y de Gobierno venezolano, Nicol\u00e1s Maduro, recibe este mi\u00e9rcoles, al\u00a0 Viceministro de Asuntos Latinoamericanos del Departamento Internacional del Comit\u00e9 Central del Partido Comunista de China (PCCh), Li Mingxiang. Adem\u00e1s, [&hellip;]<\/p>\n","protected":false},"author":6,"featured_media":5243,"comment_status":"open","ping_status":"open","sticky":false,"template":"","format":"standard","meta":{"footnotes":""},"categories":[18,7],"tags":[31,30,38,19,121,27,20],"class_list":["post-5242","post","type-post","status-publish","format-standard","has-post-thumbnail","hentry","category-noticias-principales","category-notas-de-prensa","tag-china","tag-destacado","tag-diplomacia-bolivariana-de-paz","tag-nicolas-maduro","tag-partido-comunista-de-china","tag-revolucion-bolivariana","tag-venezuela"],"_links":{"self":[{"href":"https:\/\/prensapresidencialvenezuela.gob.ve\/index.php\/wp-json\/wp\/v2\/posts\/5242","targetHints":{"allow":["GET"]}}],"collection":[{"href":"https:\/\/prensapresidencialvenezuela.gob.ve\/index.php\/wp-json\/wp\/v2\/posts"}],"about":[{"href":"https:\/\/prensapresidencialvenezuela.gob.ve\/index.php\/wp-json\/wp\/v2\/types\/post"}],"author":[{"embeddable":true,"href":"https:\/\/prensapresidencialvenezuela.gob.ve\/index.php\/wp-json\/wp\/v2\/users\/6"}],"replies":[{"embeddable":true,"href":"https:\/\/prensapresidencialvenezuela.gob.ve\/index.php\/wp-json\/wp\/v2\/comments?post=5242"}],"version-history":[{"count":1,"href":"https:\/\/prensapresidencialvenezuela.gob.ve\/index.php\/wp-json\/wp\/v2\/posts\/5242\/revisions"}],"predecessor-version":[{"id":5244,"href":"https:\/\/prensapresidencialvenezuela.gob.ve\/index.php\/wp-json\/wp\/v2\/posts\/5242\/revisions\/5244"}],"wp:featuredmedia":[{"embeddable":true,"href":"https:\/\/prensapresidencialvenezuela.gob.ve\/index.php\/wp-json\/wp\/v2\/media\/5243"}],"wp:attachment":[{"href":"https:\/\/prensapresidencialvenezuela.gob.ve\/index.php\/wp-json\/wp\/v2\/media?parent=5242"}],"wp:term":[{"taxonomy":"category","embeddable":true,"href":"https:\/\/prensapresidencialvenezuela.gob.ve\/index.php\/wp-json\/wp\/v2\/categories?post=5242"},{"taxonomy":"post_tag","embeddable":true,"href":"https:\/\/prensapresidencialvenezuela.gob.ve\/index.php\/wp-json\/wp\/v2\/tags?post=5242"}],"curies":[{"name":"wp","href":"https:\/\/api.w.org\/{rel}","templated":true}]}}